{"id":89001,"date":"2025-05-10T09:12:09","date_gmt":"2025-05-10T09:12:09","guid":{"rendered":"https:\/\/www.europesays.com\/fr\/89001\/"},"modified":"2025-05-10T09:12:09","modified_gmt":"2025-05-10T09:12:09","slug":"le-depute-ex-lfi-hendrik-davi-reflechit-a-la-securite-sociale-de-demain","status":"publish","type":"post","link":"https:\/\/www.europesays.com\/fr\/89001\/","title":{"rendered":"le d\u00e9put\u00e9 (ex-LFI) Hendrik Davi r\u00e9fl\u00e9chit \u00e0 la \u00ab\u00a0S\u00e9curit\u00e9 sociale de demain\u00a0\u00bb"},"content":{"rendered":"<p>Hendrik Davi se penche sur la S\u00e9curit\u00e9 sociale. Le jeudi 15\u00a0mai, le d\u00e9put\u00e9 (NFP, ex-LFI) de la 5e circonscription des Bouches-du-Rh\u00f4ne organise un colloque \u00e0 l&rsquo;Assembl\u00e9e nationale sur \u00ab\u00a0La S\u00e9curit\u00e9 sociale de demain\u00a0\u00bb. Son groupe parlementaire \u00c9cologiste et social organise trois tables rondes anim\u00e9es par Sandrine Rousseau (EELV), S\u00e9bastien Peytavie (G\u00e9n\u00e9ration-s)\u00a0; <a href=\"https:\/\/www.laprovence.com\/article\/politique\/19845044684633\/legislatives-qui-est-hendrik-davi-lfi-dissident-candidat-dans-la-5e-circonscription-des-bouches-du-rhone\" target=\"_blank\" rel=\"nofollow noopener\">Hendrik Davi pr\u00e9sentera<\/a> celle consacr\u00e9e \u00e0 \u00ab\u00a0La S\u00e9curit\u00e9 sociale\u00a0: un acquis des luttes sociales\u00a0\u00bb.<\/p>\n","protected":false},"excerpt":{"rendered":"Hendrik Davi se penche sur la S\u00e9curit\u00e9 sociale. Le jeudi 15\u00a0mai, le d\u00e9put\u00e9 (NFP, ex-LFI) de la 5e&hellip;\n","protected":false},"author":2,"featured_media":89002,"comment_status":"","ping_status":"","sticky":false,"template":"","format":"standard","meta":{"footnotes":""},"categories":[2814],"tags":[19931,17,1111,11,2826,19933,422,5949,1777,674,1011,27,19932,884,12,882,5484,25],"class_list":{"0":"post-89001","1":"post","2":"type-post","3":"status-publish","4":"format-standard","5":"has-post-thumbnail","7":"category-marseille","8":"tag-ex-lfi","9":"tag-17","10":"tag-actu","11":"tag-actualites","12":"tag-confidentiels","13":"tag-davi","14":"tag-depute","15":"tag-elections","16":"tag-eu","17":"tag-europe","18":"tag-fr","19":"tag-france","20":"tag-hendrik","21":"tag-marseille","22":"tag-news","23":"tag-provence-alpes-cote-dazur","24":"tag-reflechit","25":"tag-republique-francaise"},"share_on_mastodon":{"url":"https:\/\/pubeurope.com\/@fr\/114482770278315107","error":""},"_links":{"self":[{"href":"https:\/\/www.europesays.com\/fr\/wp-json\/wp\/v2\/posts\/89001","targetHints":{"allow":["GET"]}}],"collection":[{"href":"https:\/\/www.europesays.com\/fr\/wp-json\/wp\/v2\/posts"}],"about":[{"href":"https:\/\/www.europesays.com\/fr\/wp-json\/wp\/v2\/types\/post"}],"author":[{"embeddable":true,"href":"https:\/\/www.europesays.com\/fr\/wp-json\/wp\/v2\/users\/2"}],"replies":[{"embeddable":true,"href":"https:\/\/www.europesays.com\/fr\/wp-json\/wp\/v2\/comments?post=89001"}],"version-history":[{"count":0,"href":"https:\/\/www.europesays.com\/fr\/wp-json\/wp\/v2\/posts\/89001\/revisions"}],"wp:featuredmedia":[{"embeddable":true,"href":"https:\/\/www.europesays.com\/fr\/wp-json\/wp\/v2\/media\/89002"}],"wp:attachment":[{"href":"https:\/\/www.europesays.com\/fr\/wp-json\/wp\/v2\/media?parent=89001"}],"wp:term":[{"taxonomy":"category","embeddable":true,"href":"https:\/\/www.europesays.com\/fr\/wp-json\/wp\/v2\/categories?post=89001"},{"taxonomy":"post_tag","embeddable":true,"href":"https:\/\/www.europesays.com\/fr\/wp-json\/wp\/v2\/tags?post=89001"}],"curies":[{"name":"wp","href":"https:\/\/api.w.org\/{rel}","templated":true}]}}