{"id":89029,"date":"2025-05-10T09:28:09","date_gmt":"2025-05-10T09:28:09","guid":{"rendered":"https:\/\/www.europesays.com\/fr\/89029\/"},"modified":"2025-05-10T09:28:09","modified_gmt":"2025-05-10T09:28:09","slug":"lue-brandit-la-menace-de-nouvelles-taxes-sur-des-produits-americains-inattendus-linfo-re","status":"publish","type":"post","link":"https:\/\/www.europesays.com\/fr\/89029\/","title":{"rendered":"L\u2019UE brandit la menace de nouvelles taxes sur des produits am\u00e9ricains inattendus &#8211; LINFO.re"},"content":{"rendered":"<p>L\u2019Europe pr\u00e9pare une r\u00e9ponse \u00e9conomique ferme aux mesures douani\u00e8res am\u00e9ricaines. Des produits aussi vari\u00e9s comme les sapins de No\u00ebl ou les langues de b\u0153uf pourraient se retrouver tax\u00e9s.<\/p>\n<p>\t\t\t\t\t\t<strong>Une mesure de r\u00e9torsion conditionnelle<\/strong><\/p>\n<p style=\"text-align: justify;\">L\u2019<a href=\"https:\/\/www.linfo.re\/tags\/union-europeene\" target=\"_blank\" rel=\"noopener\"><strong>Union europ\u00e9enne<\/strong><\/a> envisage d\u2019appliquer une <a href=\"https:\/\/www.linfo.re\/tags\/taxe-128628\" target=\"_blank\" rel=\"noopener\"><strong>taxe<\/strong><\/a> sur\u00a0un large \u00e9ventail de produits en provenance des \u00c9tats-Unis si aucun accord n\u2019est trouv\u00e9 pour lever les droits de douane impos\u00e9s par Washington. Cette liste, estim\u00e9e \u00e0 95 milliards d\u2019euros d\u2019importations, inclut des articles tr\u00e8s vari\u00e9s allant des aliments pour animaux aux produits de luxe. Rien n\u2019est encore d\u00e9finitif, car le projet reste ouvert \u00e0 consultation jusqu\u2019au 10 juin.<\/p>\n<p><strong>Un catalogue aussi \u00e9tonnant qu\u2019\u00e9clectique<\/strong><\/p>\n<p style=\"text-align: justify;\">La liste publi\u00e9e contient des produits inattendus, comme les sapins de No\u00ebl, les cheveux humains, les abeilles, ou encore l\u2019opium, rapport BFMTV. Elle contient \u00e9galement des articles courants, comme les fruits, les poissons ou le foie gras, mais aussi des articles insolites tels que les autos tamponneuses ou les chameaux. Le bourbon, \u00e9pargn\u00e9 lors de pr\u00e9c\u00e9dentes mesures, r\u00e9appara\u00eet dans cette nouvelle version.<\/p>\n<p><strong>Des secteurs industriels strat\u00e9giques en ligne de mire<\/strong><\/p>\n<p style=\"text-align: justify;\">Au-del\u00e0 des articles surprenants, la riposte europ\u00e9enne vise \u00e9galement des piliers de l\u2019\u00e9conomie am\u00e9ricaine. L\u2019industrie automobile, l\u2019a\u00e9ronautique en particulier Boeing, les plastiques et les produits chimiques repr\u00e9sentent les cibles principales. \u00c0 eux seuls, les v\u00e9hicules et avions atteignent un total de 22,5 milliards d\u2019euros. L\u2019<strong>UE<\/strong> esp\u00e8re encore \u00e9viter l\u2019escalade, mais se tient pr\u00eate \u00e0 agir si les n\u00e9gociations \u00e9chouent.<\/p>\n<p style=\"text-align: justify;\">&gt; A lire aussi\u00a0: <a href=\"https:\/\/www.linfo.re\/monde\/amerique\/etats-unis-donald-trump-impose-des-droits-de-douane-de-100-sur-les-films-produits-a-l-etranger\" target=\"_blank\" rel=\"noopener\">Etats-Unis\u00a0: Donald Trump impose des droits de douane de 100% sur les films produits \u00e0 l\u2019\u00e9tranger<\/a><\/p>\n","protected":false},"excerpt":{"rendered":"L\u2019Europe pr\u00e9pare une r\u00e9ponse \u00e9conomique ferme aux mesures douani\u00e8res am\u00e9ricaines. Des produits aussi vari\u00e9s comme les sapins de&hellip;\n","protected":false},"author":2,"featured_media":89030,"comment_status":"","ping_status":"","sticky":false,"template":"","format":"standard","meta":{"footnotes":""},"categories":[1586],"tags":[47,11,1777,674,1779,1011,27,1922,74,12,25,2549,1778,364],"class_list":{"0":"post-89029","1":"post","2":"type-post","3":"status-publish","4":"format-standard","5":"has-post-thumbnail","7":"category-europe","8":"tag-actualite","9":"tag-actualites","10":"tag-eu","11":"tag-europe","12":"tag-european-union","13":"tag-fr","14":"tag-france","15":"tag-info","16":"tag-monde","17":"tag-news","18":"tag-republique-francaise","19":"tag-taxe","20":"tag-ue","21":"tag-union-europeenne"},"share_on_mastodon":{"url":"https:\/\/pubeurope.com\/@fr\/114482833293158299","error":""},"_links":{"self":[{"href":"https:\/\/www.europesays.com\/fr\/wp-json\/wp\/v2\/posts\/89029","targetHints":{"allow":["GET"]}}],"collection":[{"href":"https:\/\/www.europesays.com\/fr\/wp-json\/wp\/v2\/posts"}],"about":[{"href":"https:\/\/www.europesays.com\/fr\/wp-json\/wp\/v2\/types\/post"}],"author":[{"embeddable":true,"href":"https:\/\/www.europesays.com\/fr\/wp-json\/wp\/v2\/users\/2"}],"replies":[{"embeddable":true,"href":"https:\/\/www.europesays.com\/fr\/wp-json\/wp\/v2\/comments?post=89029"}],"version-history":[{"count":0,"href":"https:\/\/www.europesays.com\/fr\/wp-json\/wp\/v2\/posts\/89029\/revisions"}],"wp:featuredmedia":[{"embeddable":true,"href":"https:\/\/www.europesays.com\/fr\/wp-json\/wp\/v2\/media\/89030"}],"wp:attachment":[{"href":"https:\/\/www.europesays.com\/fr\/wp-json\/wp\/v2\/media?parent=89029"}],"wp:term":[{"taxonomy":"category","embeddable":true,"href":"https:\/\/www.europesays.com\/fr\/wp-json\/wp\/v2\/categories?post=89029"},{"taxonomy":"post_tag","embeddable":true,"href":"https:\/\/www.europesays.com\/fr\/wp-json\/wp\/v2\/tags?post=89029"}],"curies":[{"name":"wp","href":"https:\/\/api.w.org\/{rel}","templated":true}]}}