{"id":890375,"date":"2026-04-24T20:34:16","date_gmt":"2026-04-24T20:34:16","guid":{"rendered":"https:\/\/www.europesays.com\/fr\/890375\/"},"modified":"2026-04-24T20:34:16","modified_gmt":"2026-04-24T20:34:16","slug":"lopposition-iranienne-fustige-le-silence-de-leurope-apres-les-executions","status":"publish","type":"post","link":"https:\/\/www.europesays.com\/fr\/890375\/","title":{"rendered":"L\u2019opposition iranienne fustige le silence de l\u2019Europe apr\u00e8s les ex\u00e9cutions\u2026"},"content":{"rendered":"<p>Une dirigeante de l\u2019opposition iranienne a critiqu\u00e9 ce mercredi les pays europ\u00e9ens pour leur inaction face aux <a href=\"https:\/\/www.maryam-rajavi.com\/fr\/points-de-vue\/abolition-de-la-peine-de-mort-en-iran\/\" target=\"_blank\" rel=\"noopener nofollow\"><strong>ex\u00e9cutions en Iran<\/strong><\/a>, apr\u00e8s que T\u00e9h\u00e9ran a proc\u00e9d\u00e9 \u00e0 une nouvelle ex\u00e9cution dans le cadre de ce que les opposants qualifient de r\u00e9pression des dissidents en temps de guerre.\u00a0\u00abLe silence des dirigeants de l\u2019Union europ\u00e9enne et des \u00c9tats membres face \u00e0 cette vague d\u2019ex\u00e9cutions politiques en Iran est injustifiable\u00bb,\u00a0a fustig\u00e9 <a href=\"https:\/\/www.maryam-rajavi.com\/fr\/\" target=\"_blank\" rel=\"noopener nofollow\"><strong>Maryam Rajavi<\/strong><\/a>, pr\u00e9sidente \u00e9lue du Conseil national de la R\u00e9sistance iranienne, bas\u00e9 \u00e0 Paris, lors d\u2019un <a href=\"https:\/\/www.maryam-rajavi.com\/fr\/reunion-au-parlement-europeen-stopper-les-executions\/\" target=\"_blank\" rel=\"noopener nofollow\"><strong>discours au Parlement europ\u00e9en<\/strong><\/a>.<\/p>\n<p><a href=\"https:\/\/www.liberation.fr\/international\/amerique\/en-direct-guerre-au-moyen-orient-les-etats-unis-disent-cibler-directement-les-sources-de-revenus-de-liran-20260422_FC6LKZZM4BELXKLLMOEKFMMMNM\/#04-22T11:19:04\" target=\"_blank\" rel=\"noopener nofollow\">https:\/\/www.liberation.fr\/international\/amerique\/en-direct-guerre-au-moyen-orient-les-etats-unis-disent-cibler-directement-les-sources-de-revenus-de-liran-20260422_FC6LKZZM4BELXKLLMOEKFMMMNM\/#04-22T11:19:04<\/a><\/p>\n","protected":false},"excerpt":{"rendered":"Une dirigeante de l\u2019opposition iranienne a critiqu\u00e9 ce mercredi les pays europ\u00e9ens pour leur inaction face aux ex\u00e9cutions&hellip;\n","protected":false},"author":2,"featured_media":890376,"comment_status":"","ping_status":"","sticky":false,"template":"","format":"standard","meta":{"footnotes":"","_share_on_mastodon":"0"},"categories":[1586],"tags":[11,95576,1777,674,6189,1011,27,63536,12,95577,25],"class_list":["post-890375","post","type-post","status-publish","format-standard","has-post-thumbnail","category-europe","tag-actualites","tag-cnri","tag-eu","tag-europe","tag-execution","tag-fr","tag-france","tag-maryam-radjavi","tag-news","tag-peuple-iranien","tag-republique-francaise"],"share_on_mastodon":{"url":"https:\/\/pubeurope.com\/@fr\/116461598744024565","error":""},"_links":{"self":[{"href":"https:\/\/www.europesays.com\/fr\/wp-json\/wp\/v2\/posts\/890375","targetHints":{"allow":["GET"]}}],"collection":[{"href":"https:\/\/www.europesays.com\/fr\/wp-json\/wp\/v2\/posts"}],"about":[{"href":"https:\/\/www.europesays.com\/fr\/wp-json\/wp\/v2\/types\/post"}],"author":[{"embeddable":true,"href":"https:\/\/www.europesays.com\/fr\/wp-json\/wp\/v2\/users\/2"}],"replies":[{"embeddable":true,"href":"https:\/\/www.europesays.com\/fr\/wp-json\/wp\/v2\/comments?post=890375"}],"version-history":[{"count":0,"href":"https:\/\/www.europesays.com\/fr\/wp-json\/wp\/v2\/posts\/890375\/revisions"}],"wp:featuredmedia":[{"embeddable":true,"href":"https:\/\/www.europesays.com\/fr\/wp-json\/wp\/v2\/media\/890376"}],"wp:attachment":[{"href":"https:\/\/www.europesays.com\/fr\/wp-json\/wp\/v2\/media?parent=890375"}],"wp:term":[{"taxonomy":"category","embeddable":true,"href":"https:\/\/www.europesays.com\/fr\/wp-json\/wp\/v2\/categories?post=890375"},{"taxonomy":"post_tag","embeddable":true,"href":"https:\/\/www.europesays.com\/fr\/wp-json\/wp\/v2\/tags?post=890375"}],"curies":[{"name":"wp","href":"https:\/\/api.w.org\/{rel}","templated":true}]}}