{"id":89052,"date":"2025-05-10T09:43:09","date_gmt":"2025-05-10T09:43:09","guid":{"rendered":"https:\/\/www.europesays.com\/fr\/89052\/"},"modified":"2025-05-10T09:43:09","modified_gmt":"2025-05-10T09:43:09","slug":"sylvain-tesson-santiago-h-amigorena-adrian-tchaikovsky-notre-selection-livres-de-la-semaine","status":"publish","type":"post","link":"https:\/\/www.europesays.com\/fr\/89052\/","title":{"rendered":"Sylvain Tesson, Santiago H. Amigorena, Adrian Tchaikovsky\u2026 Notre s\u00e9lection livres de la semaine"},"content":{"rendered":"<p class=\"col subheadline margin_bottom_subheadline widescreen-12 desktop-10\">\u00ab\u00a0Les Piliers de la mer\u00a0\u00bb, une nouvelle \u00e9pop\u00e9e marine sign\u00e9e Sylvain Tesson, \u00ab\u00a0Le Festival de Cannes\u00a0\u00bb, o\u00f9 Santiago H. Amigorena nous raconte les coulisses de la grand-messe du cin\u00e9ma, \u00ab\u00a0Dans le berceau du temps\u00a0\u00bb, roman de fantasy d\u2019Adrian Tchaikovsky\u2026 Nos\u00a010 livres coups de c\u0153ur de la semaine.<\/p>\n<p>Par <a href=\"https:\/\/www.leparisien.fr\/auteur\/pierre-vavasseur\/\" class=\"author_link\" target=\"_blank\" rel=\"noopener\">Pierre Vavasseur<\/a>, \u00a0L\u00e9onard Desbri\u00e8res, \u00a0Hubert Prolongeau, \u00a0<a href=\"https:\/\/www.leparisien.fr\/auteur\/benjamin-jerome\/\" class=\"author_link\" target=\"_blank\" rel=\"noopener\">Benjamin J\u00e9r\u00f4me<\/a>, \u00a0Hubert Artus, \u00a0<a href=\"https:\/\/www.leparisien.fr\/auteur\/gaetane-morin\/\" class=\"author_link\" target=\"_blank\" rel=\"noopener\">Ga\u00ebtane Morin<\/a>, \u00a0<a href=\"https:\/\/www.leparisien.fr\/auteur\/gregory-plouviez\/\" class=\"author_link\" target=\"_blank\" rel=\"noopener\">Gr\u00e9gory Plouviez<\/a>, \u00a0<a href=\"https:\/\/www.leparisien.fr\/auteur\/sylvain-merle\/\" class=\"author_link\" target=\"_blank\" rel=\"noopener\">Sylvain Merle<\/a> et\u00a0<a href=\"https:\/\/www.leparisien.fr\/auteur\/christophe-levent\/\" class=\"author_link\" target=\"_blank\" rel=\"noopener\">Christophe Levent<\/a>\u00a0<\/p>\n<p>Le 10 mai 2025 \u00e0 11h15<\/p>\n","protected":false},"excerpt":{"rendered":"\u00ab\u00a0Les Piliers de la mer\u00a0\u00bb, une nouvelle \u00e9pop\u00e9e marine sign\u00e9e Sylvain Tesson, \u00ab\u00a0Le Festival de Cannes\u00a0\u00bb, o\u00f9 Santiago&hellip;\n","protected":false},"author":2,"featured_media":89053,"comment_status":"","ping_status":"","sticky":false,"template":"","format":"standard","meta":{"footnotes":""},"categories":[1357],"tags":[1379,872,58,59,1011,27,12156,1380],"class_list":{"0":"post-89052","1":"post","2":"type-post","3":"status-publish","4":"format-standard","5":"has-post-thumbnail","7":"category-livres","8":"tag-books","9":"tag-culture-et-loisirs","10":"tag-divertissement","11":"tag-entertainment","12":"tag-fr","13":"tag-france","14":"tag-le-parisien-week-end","15":"tag-livres"},"share_on_mastodon":{"url":"https:\/\/pubeurope.com\/@fr\/114482892193537124","error":""},"_links":{"self":[{"href":"https:\/\/www.europesays.com\/fr\/wp-json\/wp\/v2\/posts\/89052","targetHints":{"allow":["GET"]}}],"collection":[{"href":"https:\/\/www.europesays.com\/fr\/wp-json\/wp\/v2\/posts"}],"about":[{"href":"https:\/\/www.europesays.com\/fr\/wp-json\/wp\/v2\/types\/post"}],"author":[{"embeddable":true,"href":"https:\/\/www.europesays.com\/fr\/wp-json\/wp\/v2\/users\/2"}],"replies":[{"embeddable":true,"href":"https:\/\/www.europesays.com\/fr\/wp-json\/wp\/v2\/comments?post=89052"}],"version-history":[{"count":0,"href":"https:\/\/www.europesays.com\/fr\/wp-json\/wp\/v2\/posts\/89052\/revisions"}],"wp:featuredmedia":[{"embeddable":true,"href":"https:\/\/www.europesays.com\/fr\/wp-json\/wp\/v2\/media\/89053"}],"wp:attachment":[{"href":"https:\/\/www.europesays.com\/fr\/wp-json\/wp\/v2\/media?parent=89052"}],"wp:term":[{"taxonomy":"category","embeddable":true,"href":"https:\/\/www.europesays.com\/fr\/wp-json\/wp\/v2\/categories?post=89052"},{"taxonomy":"post_tag","embeddable":true,"href":"https:\/\/www.europesays.com\/fr\/wp-json\/wp\/v2\/tags?post=89052"}],"curies":[{"name":"wp","href":"https:\/\/api.w.org\/{rel}","templated":true}]}}