{"id":89060,"date":"2025-05-10T09:47:09","date_gmt":"2025-05-10T09:47:09","guid":{"rendered":"https:\/\/www.europesays.com\/fr\/89060\/"},"modified":"2025-05-10T09:47:09","modified_gmt":"2025-05-10T09:47:09","slug":"une-deuxieme-personne-est-decedee-apres-avoir-ete-vaccinee-contre-le-chikungunya","status":"publish","type":"post","link":"https:\/\/www.europesays.com\/fr\/89060\/","title":{"rendered":"Une deuxi\u00e8me personne est d\u00e9c\u00e9d\u00e9e apr\u00e8s avoir \u00e9t\u00e9 vaccin\u00e9e contre le chikungunya"},"content":{"rendered":"<p>Alors que l\u2019\u00e9pid\u00e9mie de <a href=\"https:\/\/www.20minutes.fr\/dossier\/chikungunya\" target=\"_blank\" class=\"color-ultramarine c-link\" rel=\"noopener\">chikungunya<\/a> continue de toucher <a href=\"https:\/\/www.20minutes.fr\/societe\/reunion\/\" target=\"_blank\" class=\"color-ultramarine c-link\" rel=\"noopener\">La R\u00e9union<\/a>, l\u2019inqui\u00e9tude monte autour du <a href=\"https:\/\/www.20minutes.fr\/dossier\/vaccin\" target=\"_blank\" class=\"color-ultramarine c-link\" rel=\"noopener\">vaccin<\/a> Ixchiq, d\u00e9sormais suspendu chez les plus de 65 ans apr\u00e8s deux d\u00e9c\u00e8s suspects. Ce s\u00e9rum, d\u00e9velopp\u00e9 par la biotech franco-autrichienne Valneva, est autoris\u00e9 en Europe depuis\u00a02024.<\/p>\n<p>Suite \u00e0 ces \u00e9v\u00e8nements, le ton est mont\u00e9 mercredi au <a href=\"https:\/\/www.20minutes.fr\/dossier\/senat\" target=\"_blank\" class=\"color-ultramarine c-link\" rel=\"noopener\">S\u00e9nat<\/a>. \u00ab\u00a0Comment la dangerosit\u00e9 du vaccin n\u2019a-t-elle pas \u00e9t\u00e9 mieux \u00e9valu\u00e9e\u00a0?\u00a0\u00bb, a lanc\u00e9 la s\u00e9natrice r\u00e9unionnaise Evelyne Corbi\u00e8re Naminzo, en pleine s\u00e9ance de questions au gouvernement. En face, le <a href=\"https:\/\/www.20minutes.fr\/dossier\/ministere_de_la_sante\" target=\"_blank\" class=\"color-ultramarine c-link\" rel=\"noopener\">ministre charg\u00e9 de la Sant\u00e9<\/a>, Yannick Neuder, a vivement r\u00e9pliqu\u00e9\u00a0: \u00ab\u00a0Je ne peux vous laisser dire que nous utilisons le peuple de La R\u00e9union comme cobaye.\u00a0\u00bb<\/p>\n<p>Controverse autour du s\u00e9rum Ixchiq<\/p>\n<p>Fin avril, un homme de 84 ans est d\u00e9c\u00e9d\u00e9 apr\u00e8s avoir d\u00e9velopp\u00e9 une enc\u00e9phalite post-vaccinale. Mercredi, l\u2019Agence europ\u00e9enne du m\u00e9dicament (EMA) et Valneva ont confirm\u00e9 qu\u2019un second d\u00e9c\u00e8s, celui d\u2019un homme de 77 ans souffrant de la maladie de Parkinson, pourrait lui aussi \u00eatre li\u00e9 au vaccin. Une pneumonie par aspiration, possiblement d\u00e9clench\u00e9e par une aggravation de ses troubles de d\u00e9glutition, est \u00e9voqu\u00e9e.<\/p>\n<\/p>\n<p>Face \u00e0 ces signalements, l\u2019EMA a d\u00e9cid\u00e9 de contre-indiquer temporairement le vaccin chez les personnes de plus de 65 ans, le temps de mener \u00ab\u00a0une \u00e9valuation approfondie\u00a0\u00bb de la balance b\u00e9n\u00e9fices-risques. Cette mesure \u00e9tait d\u00e9j\u00e0 appliqu\u00e9e en <a href=\"https:\/\/www.20minutes.fr\/france\/\" target=\"_blank\" class=\"color-ultramarine c-link\" rel=\"noopener\">France<\/a> depuis le 26\u00a0avril apr\u00e8s trois cas graves observ\u00e9s chez des octog\u00e9naires pr\u00e9sentant des comorbidit\u00e9s, dont l\u2019un s\u2019est sold\u00e9 par un d\u00e9c\u00e8s \u00e0 La R\u00e9union.<\/p>\n<p>Une vingtaine de cas d\u2019effets ind\u00e9sirables graves<\/p>\n<p>Valneva, pour sa part, maintient que le rapport b\u00e9n\u00e9fice\/risque reste \u00ab\u00a0positif pour la grande majorit\u00e9 des personnes potentiellement expos\u00e9es \u00e0 la maladie\u00a0\u00bb. L\u2019entreprise assure continuer \u00e0 surveiller tous les effets secondaires graves. A ce jour, 17 cas d\u2019effets ind\u00e9sirables graves ont \u00e9t\u00e9 recens\u00e9s chez des personnes \u00e2g\u00e9es de 62 \u00e0 89 ans. L\u2019EMA pr\u00e9cise cependant que le lien de causalit\u00e9 avec le vaccin \u00ab\u00a0n\u2019a pas encore \u00e9t\u00e9 d\u00e9termin\u00e9\u00a0\u00bb. Plus de 40.000 doses d\u2019Ixchiq ont \u00e9t\u00e9 administr\u00e9es dans le monde, notamment aux Etats-Unis, Br\u00e9sil, Royaume-Uni et dans l\u2019UE.<\/p>\n<p><a href=\"https:\/\/www.20minutes.fr\/dossier\/chikungunya\" target=\"_blank\" class=\"c-link c-btn c-btn--primary\" rel=\"noopener\">Tous nos articles sur le chikungunya<\/a><\/p>\n<p>Le contexte reste d\u00e9licat\u00a0: depuis janvier, Sant\u00e9 publique France recense d\u00e9j\u00e0 12 d\u00e9c\u00e8s directement li\u00e9s au chikungunya sur l\u2019\u00eele, et 28 autres dont celui d\u2019un nourrisson \u2013 sont en cours d\u2019investigation. Si l\u2019\u00e9pid\u00e9mie montre des signes de ralentissement, elle continue d\u2019inqui\u00e9ter les autorit\u00e9s locales.<\/p>\n","protected":false},"excerpt":{"rendered":"Alors que l\u2019\u00e9pid\u00e9mie de chikungunya continue de toucher La R\u00e9union, l\u2019inqui\u00e9tude monte autour du vaccin Ixchiq, d\u00e9sormais suspendu&hellip;\n","protected":false},"author":2,"featured_media":89061,"comment_status":"","ping_status":"","sticky":false,"template":"","format":"standard","meta":{"footnotes":""},"categories":[10],"tags":[47,6443,3983,434,1011,27,72,6442,71,1004,773,5336],"class_list":{"0":"post-89060","1":"post","2":"type-post","3":"status-publish","4":"format-standard","5":"has-post-thumbnail","7":"category-sante","8":"tag-actualite","9":"tag-chikungunya","10":"tag-deces","11":"tag-epidemie","12":"tag-fr","13":"tag-france","14":"tag-health","15":"tag-ile-de-la-reunion","16":"tag-sante","17":"tag-senat","18":"tag-vaccin","19":"tag-virus"},"share_on_mastodon":{"url":"https:\/\/pubeurope.com\/@fr\/114482907999745623","error":""},"_links":{"self":[{"href":"https:\/\/www.europesays.com\/fr\/wp-json\/wp\/v2\/posts\/89060","targetHints":{"allow":["GET"]}}],"collection":[{"href":"https:\/\/www.europesays.com\/fr\/wp-json\/wp\/v2\/posts"}],"about":[{"href":"https:\/\/www.europesays.com\/fr\/wp-json\/wp\/v2\/types\/post"}],"author":[{"embeddable":true,"href":"https:\/\/www.europesays.com\/fr\/wp-json\/wp\/v2\/users\/2"}],"replies":[{"embeddable":true,"href":"https:\/\/www.europesays.com\/fr\/wp-json\/wp\/v2\/comments?post=89060"}],"version-history":[{"count":0,"href":"https:\/\/www.europesays.com\/fr\/wp-json\/wp\/v2\/posts\/89060\/revisions"}],"wp:featuredmedia":[{"embeddable":true,"href":"https:\/\/www.europesays.com\/fr\/wp-json\/wp\/v2\/media\/89061"}],"wp:attachment":[{"href":"https:\/\/www.europesays.com\/fr\/wp-json\/wp\/v2\/media?parent=89060"}],"wp:term":[{"taxonomy":"category","embeddable":true,"href":"https:\/\/www.europesays.com\/fr\/wp-json\/wp\/v2\/categories?post=89060"},{"taxonomy":"post_tag","embeddable":true,"href":"https:\/\/www.europesays.com\/fr\/wp-json\/wp\/v2\/tags?post=89060"}],"curies":[{"name":"wp","href":"https:\/\/api.w.org\/{rel}","templated":true}]}}