{"id":89068,"date":"2025-05-10T09:51:09","date_gmt":"2025-05-10T09:51:09","guid":{"rendered":"https:\/\/www.europesays.com\/fr\/89068\/"},"modified":"2025-05-10T09:51:09","modified_gmt":"2025-05-10T09:51:09","slug":"a-quoi-vont-vraiment-servir-les-200-milliards-deuros-dinvestissement-prevus-dans-les-reseaux-electriques","status":"publish","type":"post","link":"https:\/\/www.europesays.com\/fr\/89068\/","title":{"rendered":"\u00c0 quoi vont vraiment servir les 200 milliards d\u2019euros d\u2019investissement pr\u00e9vus dans les r\u00e9seaux \u00e9lectriques ?"},"content":{"rendered":"<p><strong>D\u00c9CRYPTAGE &#8211;<\/strong> Derri\u00e8re un chiffre qui alimente la pol\u00e9mique se cache une r\u00e9alit\u00e9 complexe\u00a0: adaptation au changement climatique, d\u00e9veloppement des \u00e9nergies renouvelables, nouveaux usages, \u00e9lectrification des transports&#8230;<\/p>\n<p class=\"fig-paragraph\">De technique, le sujet du financement des r\u00e9seaux \u00e9lectriques fran\u00e7ais est devenu politique&#8230; et pol\u00e9mique. Le pays doit-il investir 200 milliards dans ses r\u00e9seaux? Les oppositions, RN en t\u00eate, s\u2019inqui\u00e8tent de voir la facture li\u00e9e au d\u00e9veloppement des \u00e9nergies renouvelables flamber. Une grande partie de la facture serait li\u00e9e \u00e0 la n\u00e9cessit\u00e9 de d\u00e9velopper de nouvelles lignes \u00e9lectriques pour connecter les \u00e9oliennes et les panneaux solaires.<\/p>\n<p class=\"fig-paragraph\">En France, deux entreprises sont en charge du r\u00e9seau\u00a0:\u00a0<a href=\"http:\/\/www.lefigaro.fr\/societes\/comment-rte-veut-faire-du-reseau-electrique-un-atout-pour-la-competitivite-francaise-20250212\" data-fig-type=\"Article\" data-gtm-custom-categorie=\"navigation\" data-gtm-custom-action=\"crossclick\" data-gtm-custom-label=\"Contextuel\" data-gtm-event=\"customEventSPE\" data-fig-domain=\"LEFIGARO\" rel=\"nofollow noopener\" target=\"_blank\">RTE<\/a>\u00a0et\u00a0<a href=\"https:\/\/www.lefigaro.fr\/societes\/face-au-boom-de-l-electricite-enedis-prevoit-d-investir-96-milliards-d-euros-d-ici-2040-20230313\" data-fig-type=\"Article\" data-gtm-custom-categorie=\"navigation\" data-gtm-custom-action=\"crossclick\" data-gtm-custom-label=\"Contextuel\" data-gtm-event=\"customEventSPE\" data-fig-domain=\"LEFIGARO\" rel=\"nofollow noopener\" target=\"_blank\">Enedis<\/a>. RTE, le gestionnaire du r\u00e9seau de transport d\u2019\u00e9lectricit\u00e9 \u00e0 la charge des 105.817 km de lignes \u00e0 haute et tr\u00e8s haute tension, 63.000 \u00e0 400.000 Volts. Enedis g\u00e8re la distribution de l\u2019\u00e9lectricit\u00e9, soit 1,4 million de km, 35 fois le tour de la terre! Les deux entreprises se sont dot\u00e9es de plan d\u2019investissement pour la p\u00e9riode 2022-2040, de 100 milliards d\u2019euros pour RTE et 96 milliards pour Enedis. Le changement climatique est le premier poste de d\u00e9pense. Il faut en effet adapter\u2026<\/p>\n<p class=\"fig-premium-paywall__infos\">\n        Cet article est r\u00e9serv\u00e9 aux abonn\u00e9s.        Il vous reste 82% \u00e0 d\u00e9couvrir.\n    <\/p>\n<p>                <img  data- alt=\"Le Figaro\" class=\"fig-img--complete fig-img\"\/><\/p>\n<p class=\"fig-premium-paywall__title\">Je m&rsquo;informe, je m&rsquo;inspire, je m&rsquo;abonne.<\/p>\n<p class=\"fig-premium-paywall__subtitle\">D\u00e9couvrez notre offre de bienvenue.<\/p>\n<p class=\"fig-premium-paywall__connect\">\n                D\u00e9j\u00e0 abonn\u00e9\u00a0?                <a class=\"fig-premium-paywall__connect-link\" href=\"https:\/\/connect.lefigaro.fr\/login?client=horizon_web&amp;type=main&amp;redirect_uri=https%3A%2F%2Fwww.lefigaro.fr%2Fsocietes%2Fa-quoi-vont-vraiment-servir-les-200-milliards-d-euros-d-investissement-prevus-dans-les-reseaux-electriques-20250510\" data-js-gtm=\"{&quot;customCategorie&quot;: &quot;conversion&quot;, &quot;customAction&quot;: &quot;before_Landing_Connexion_paywall_auto&quot;, &quot;customLabel&quot;: &quot;bGVmaWdhcm8uZnJfXzFmMDJiNGM5LTljMTEtNmNiMC04NmY4LWQ3Zjk5NmY2ZWU2OV9fQXJ0aWNsZQ==_\u00c0 quoi vont vraiment servir les 200 milliards d\u2019euros d\u2019investissement pr\u00e9vus dans les r\u00e9seaux \u00e9lectriques\u00a0?_556&quot;, &quot;customIDSPE&quot;: &quot;bGVmaWdhcm8uZnJfXzFmMDJiNGM5LTljMTEtNmNiMC04NmY4LWQ3Zjk5NmY2ZWU2OV9fQXJ0aWNsZQ==&quot;, &quot;event&quot;: &quot;customEventSPE&quot;}\" rel=\"nofollow noopener\" target=\"_blank\"><br \/>\n                    Connectez-vous<br \/>\n                <\/a>\n            <\/p>\n","protected":false},"excerpt":{"rendered":"D\u00c9CRYPTAGE &#8211; Derri\u00e8re un chiffre qui alimente la pol\u00e9mique se cache une r\u00e9alit\u00e9 complexe\u00a0: adaptation au changement climatique,&hellip;\n","protected":false},"author":2,"featured_media":89069,"comment_status":"","ping_status":"","sticky":false,"template":"","format":"standard","meta":{"footnotes":""},"categories":[6],"tags":[631,627,630,340,398,35,343,634,405,629,636,33,34,1647,579,3674,632,638,1011,27,637,399,639,635,18387,401,628,633,407],"class_list":{"0":"post-89068","1":"post","2":"type-post","3":"status-publish","4":"format-standard","5":"has-post-thumbnail","7":"category-economie","8":"tag-action","9":"tag-actions-francaise","10":"tag-actualite-bourse","11":"tag-bourse","12":"tag-bourse-de-paris","13":"tag-business","14":"tag-cac-40","15":"tag-cotation","16":"tag-cotations","17":"tag-cours-des-societes-francaises","18":"tag-devises","19":"tag-economie","20":"tag-economy","21":"tag-edf","22":"tag-electricite","23":"tag-enedis","24":"tag-fcp","25":"tag-figaro","26":"tag-fr","27":"tag-france","28":"tag-indices","29":"tag-investissement","30":"tag-le-figaro","31":"tag-marches","32":"tag-rte","33":"tag-sicav","34":"tag-societes-etrangeres","35":"tag-warrant","36":"tag-warrants"},"share_on_mastodon":{"url":"https:\/\/pubeurope.com\/@fr\/114482923665381245","error":""},"_links":{"self":[{"href":"https:\/\/www.europesays.com\/fr\/wp-json\/wp\/v2\/posts\/89068","targetHints":{"allow":["GET"]}}],"collection":[{"href":"https:\/\/www.europesays.com\/fr\/wp-json\/wp\/v2\/posts"}],"about":[{"href":"https:\/\/www.europesays.com\/fr\/wp-json\/wp\/v2\/types\/post"}],"author":[{"embeddable":true,"href":"https:\/\/www.europesays.com\/fr\/wp-json\/wp\/v2\/users\/2"}],"replies":[{"embeddable":true,"href":"https:\/\/www.europesays.com\/fr\/wp-json\/wp\/v2\/comments?post=89068"}],"version-history":[{"count":0,"href":"https:\/\/www.europesays.com\/fr\/wp-json\/wp\/v2\/posts\/89068\/revisions"}],"wp:featuredmedia":[{"embeddable":true,"href":"https:\/\/www.europesays.com\/fr\/wp-json\/wp\/v2\/media\/89069"}],"wp:attachment":[{"href":"https:\/\/www.europesays.com\/fr\/wp-json\/wp\/v2\/media?parent=89068"}],"wp:term":[{"taxonomy":"category","embeddable":true,"href":"https:\/\/www.europesays.com\/fr\/wp-json\/wp\/v2\/categories?post=89068"},{"taxonomy":"post_tag","embeddable":true,"href":"https:\/\/www.europesays.com\/fr\/wp-json\/wp\/v2\/tags?post=89068"}],"curies":[{"name":"wp","href":"https:\/\/api.w.org\/{rel}","templated":true}]}}