{"id":891398,"date":"2026-04-25T08:16:23","date_gmt":"2026-04-25T08:16:23","guid":{"rendered":"https:\/\/www.europesays.com\/fr\/891398\/"},"modified":"2026-04-25T08:16:23","modified_gmt":"2026-04-25T08:16:23","slug":"impots-2026-une-inspectrice-du-fisc-revele-les-erreurs-les-plus-frequentes-que-font-les-contribuables-sur-leur-declaration-de-revenus-et-comment-les-eviter","status":"publish","type":"post","link":"https:\/\/www.europesays.com\/fr\/891398\/","title":{"rendered":"Imp\u00f4ts 2026 : une inspectrice du fisc r\u00e9v\u00e8le les erreurs les plus fr\u00e9quentes que font les contribuables sur leur d\u00e9claration de revenus (et comment les \u00e9viter)"},"content":{"rendered":"<p class=\"article-p mdl\">Source de stress ou corv\u00e9e, remplir sa d\u00e9claration de revenus est rarement une partie de plaisir. Malheureusement, il faut y revenir \u00e0 chaque printemps. Depuis le 9 avril, date de lancement de la\u00a0<a class=\"link\" href=\"https:\/\/www.rtl.fr\/sujet\/impots\" rel=\"nofollow noopener\" target=\"_blank\">campagne d&rsquo;imp\u00f4ts 2026<\/a>, ce grand moment de votre ann\u00e9e fiscale est enfin venu. Face \u00e0 votre ordinateur, vous redoutez une chose : faire une erreur. Et il vaut mieux \u00e9viter. Une erreur, m\u00eame de bonne foi, peut vous co\u00fbter\u00a0<a class=\"link\" href=\"https:\/\/www.service-public.gouv.fr\/particuliers\/vosdroits\/F34176\" rel=\"nofollow noopener\" target=\"_blank\">une majoration de 10% de votre imp\u00f4t<\/a>.<\/p>\n<p class=\"article-p mdl\">Si le service public multiplie les fiches explicatives sur Internet, on ne sait pas toujours comment se comporter face aux centaines de cases qui fourmillent dans notre d\u00e9claration. Et cela, c&rsquo;est sans parler des termes fiscaux, que l&rsquo;on red\u00e9couvre chaque ann\u00e9e&#8230; pour mieux les oublier l&rsquo;ann\u00e9e d&rsquo;apr\u00e8s.<\/p>\n<p class=\"article-p mdl\">Pour vous \u00e9viter d&rsquo;aller \u00e0 la faute, RTL.fr a contact\u00e9 une inspectrice des finances publiques. Chaque ann\u00e9e, elle fait partie de ceux qui v\u00e9rifient vos d\u00e9clarations une fois qu&rsquo;elles ont \u00e9t\u00e9 valid\u00e9es par les contribuables. Autant vous dire qu&rsquo;elle conna\u00eet chaque formulaire ou annexe sur le bout des doigts. La fonctionnaire, qui souhaite rester anonyme, nous a list\u00e9 les erreurs les plus fr\u00e9quentes qu&rsquo;elle voyait passer sur son bureau. Les conna\u00eetre, c&rsquo;est ne plus les faire.<\/p>\n<p>            Les fautes facilement \u00e9vit\u00e9es<\/p>\n<p class=\"article-p mdl\">Pour \u00ab\u00a0r\u00e9ussir\u00a0\u00bb sa d\u00e9claration d&rsquo;imp\u00f4t, il faut d\u00e9j\u00e0 ne rien oublier. Votre donation mensuelle \u00e0 une association, la vente d&rsquo;un produit financier qui remonte \u00e0 plusieurs mois, l&#8217;emploi d&rsquo;une aide \u00e0 domicile qui ne travaille plus pour vous aujourd&rsquo;hui\u2026 Votre <strong>m\u00e9moire fiscale annuelle<\/strong> est d\u00e9j\u00e0 un bon pr\u00e9requis avant de vous connecter au site imp\u00f4ts.gouv.\u00a0<\/p>\n<p class=\"article-p mdl\">En commen\u00e7ant votre d\u00e9claration, il y a une chose tr\u00e8s simple \u00e0 mettre en \u0153uvre qui peut vous \u00e9viter bien des d\u00e9convenues : <strong>toujours v\u00e9rifier les montants pr\u00e9remplis<\/strong> par l&rsquo;administration fiscale, notamment les revenus du travail, du foncier ou votre pr\u00e9l\u00e8vement \u00e0 la source. \u00ab\u00a0Les employeurs nous transmettent les montants, mais on ne peut pas les v\u00e9rifier\u00a0\u00bb, contextualise l&rsquo;inspectrice des imp\u00f4ts.\u00a0<\/p>\n<p class=\"article-p mdl\">Contact\u00e9e par RTL.fr, C\u00e9cile Mazaud, membre du bureau national de la CGT DGFiP, nous a \u00e9galement signifi\u00e9 une \u00ab\u00a0erreur tr\u00e8s fr\u00e9quente\u00a0\u00bb. Avec la d\u00e9claration automatique, certains contribuables\u00a0sont tent\u00e9s de cliquer vite sur \u00ab\u00a0valider\u00a0\u00bb si leur situation (foyer, travail) n&rsquo;a pas chang\u00e9. C&rsquo;est l\u00e0 qu&rsquo;ils peuvent commettre une erreur, \u00e0 savoir <strong>ne pas indiquer un changement d&rsquo;adresse<\/strong>. \u00ab\u00a0Les trois quarts des personnes ne lisent pas tout\u00a0\u00bb, regrette notre interlocutrice. Le risque, c&rsquo;est de ne pas recevoir son avis d&rsquo;imposition si on a fait le choix de le recevoir chez soi.<\/p>\n<p>            Des enfants \u00e0 charge\u2026 qui vous posent souvent probl\u00e8me<\/p>\n<p class=\"article-p mdl\">Les erreurs qui reviennent le plus selon notre interlocutrice concernent bien souvent les enfants \u00e0 charge. Rattachement de certains enfants et pas d&rsquo;autres, la d\u00e9claration de la garde altern\u00e9e qui a tendance \u00e0 \u00eatre oubli\u00e9e, la fameuse case \u00ab\u00a0T\u00a0\u00bb pour les parents isol\u00e9s qui passe \u00e0 la trappe\u2026 Le registre familial est le lieu de nombreuses erreurs.\u00a0<\/p>\n<p class=\"article-p mdl\">L&rsquo;une des pistes d&rsquo;explications se loge au passage de la majorit\u00e9, quand la question se pose de garder <strong>un de vos enfants rattach\u00e9 \u00e0 votre foyer fiscal <\/strong>ou non. Si ce dernier touche des revenus, il ne faut pas oublier de les d\u00e9clarer. S&rsquo;il est en \u00e9tudes, vous b\u00e9n\u00e9ficiez d&rsquo;une r\u00e9duction d&rsquo;imp\u00f4t. Pour aller plus loin, une\u00a0<a class=\"link\" href=\"https:\/\/www.plus.transformation.gouv.fr\/j-ai-droit-a-l-erreur\/joublie-de-declarer-les-revenus-de-mes-enfants-a-charge\" rel=\"nofollow noopener\" target=\"_blank\">fiche explicative<\/a>\u00a0du gouvernement explicite ces exceptions.<\/p>\n<p class=\"article-p mdl\">Aussi, les\u00a0<a class=\"link\" href=\"https:\/\/www.service-public.gouv.fr\/particuliers\/vosdroits\/F8\" rel=\"nofollow noopener\" target=\"_blank\"><strong>frais de garde des enfants de moins de six ans<\/strong><\/a>, qui donnent droit \u00e0 des cr\u00e9dits d&rsquo;imp\u00f4t, causent souvent des oublis. Et pour cause, pour d\u00e9clarer ces revenus, il faut remplir un formulaire annexe. Pas toujours \u00e9vident \u00e0 trouver quand on n&rsquo;est pas connaisseur, d&rsquo;autant plus que,\u00a0<a class=\"link\" href=\"https:\/\/www.rtl.fr\/actu\/economie-consommation\/impots-2026-vous-touchez-des-credits-d-impots-n-oubliez-pas-de-remplir-cette-nouvelle-rubrique-dans-la-declaration-de-revenus-7900626372\" rel=\"nofollow noopener\" target=\"_blank\">cette ann\u00e9e, une \u00ab\u00a0nouvelle rubrique\u00a0\u00bb s&rsquo;invite<\/a>\u00a0aux festivit\u00e9s. \u00ab\u00a0On peut aussi d\u00e9clarer les frais de garde hors du domicile mais il ne faut pas oublier les aides et d\u00e9duire les frais de nourriture\u00a0\u00bb, pr\u00e9cise l&rsquo;inspectrice des finances.<\/p>\n<p>            Frais r\u00e9els, dons aux associations\u2026 Les autres erreurs classiques<\/p>\n<p class=\"article-p mdl\">Puis, p\u00eale-m\u00eale, notre interlocutrice nous a list\u00e9 d&rsquo;autres erreurs qui reviennent souvent :<\/p>\n<p>&#8211; les dons faits aux associations qui sont \u00ab\u00a0tr\u00e8s souvent\u00a0\u00bb oubli\u00e9s ;<br \/>&#8211; les revenus de l&rsquo;\u00e9conomie collaborative (qui repose sur le partage ou l&rsquo;\u00e9change entre particuliers de biens) dont le montant n&rsquo;est pas toujours pr\u00e9affich\u00e9 et que \u00ab\u00a0personne ne v\u00e9rifie\u00a0\u00bb ;<\/p>\n<p>Comme vous l&rsquo;aurez constat\u00e9, il s&rsquo;agit la plupart du temps d&rsquo;un <strong>simple oubli<\/strong>. L'\u00a0\u00bberreur\u00a0\u00bb est alors facilement rectifiable : il suffit d&rsquo;y penser cette ann\u00e9e.<\/p>\n<p>Un cas plus complexe cit\u00e9 par notre experte du fisc m\u00e9ritait que l&rsquo;on s&rsquo;y attarde davantage. \u00ab\u00a0Quand il faut\u00a0<a class=\"link\" href=\"https:\/\/www.impots.gouv.fr\/particulier\/questions\/comment-declarer-mes-frais-reels-dans-ma-declaration-de-revenus\" rel=\"nofollow noopener\" target=\"_blank\">d\u00e9clarer ses frais r\u00e9els<\/a>, les gens omettent souvent les 10%\u00a0\u00bb, observe la fonctionnaire. Explications : lors du calcul de votre imp\u00f4t sur le revenu, <strong>une d\u00e9duction forfaitaire de 10%<\/strong> est appliqu\u00e9e automatiquement pour tenir compte de vos<strong> <\/strong>frais professionnels. Ces oublis donnent lieu \u00e0 de nombreuses r\u00e9clamations.<\/p>\n<p>Si l&rsquo;administration fiscale n&rsquo;a pas su nous donner le taux de d\u00e9clarations erron\u00e9es lors d&rsquo;une campagne d&rsquo;imp\u00f4t, on nous signale que <strong>600.000 usagers utilisent\u00a0chaque ann\u00e9e\u00a0le\u00a0<a class=\"link\" href=\"https:\/\/www.rtl.fr\/actu\/economie-consommation\/impot-2025-j-ai-fait-une-erreur-dans-la-declaration-mais-j-ai-valide-ai-je-le-droit-de-faire-des-modifications-7900507123\" rel=\"nofollow noopener\" target=\"_blank\">service de correction en ligne<\/a>\u00a0<\/strong>des d\u00e9clarations de revenus, ouvert entre fin juillet et d\u00e9cembre. Une d\u00e9marche administrative dont, on l&rsquo;imagine, vous aimeriez volontiers vous passer !&#13;<\/p>\n<p>    La r\u00e9daction vous recommande<\/p>\n<p class=\"s-newsletter__title\">\n                L\u2019actualit\u00e9 par la r\u00e9daction de RTL dans votre bo\u00eete mail.\n            <\/p>\n<p class=\"s-newsletter__subtitle\">\n                Gr\u00e2ce \u00e0 votre compte RTL abonnez-vous \u00e0 la newsletter RTL info pour suivre toute l&rsquo;actualit\u00e9 au quotidien\n            <\/p>\n<p>\n                                    Lire la suite\n                                <\/p>\n","protected":false},"excerpt":{"rendered":"Source de stress ou corv\u00e9e, remplir sa d\u00e9claration de revenus est rarement une partie de plaisir. Malheureusement, il&hellip;\n","protected":false},"author":2,"featured_media":891399,"comment_status":"","ping_status":"","sticky":false,"template":"","format":"standard","meta":{"footnotes":"","_share_on_mastodon":"0"},"categories":[6],"tags":[18506,1261,35,33,34,107,590,9467,526,1011,27,342],"class_list":["post-891398","post","type-post","status-publish","format-standard","has-post-thumbnail","category-economie","tag-administration","tag-argent","tag-business","tag-economie","tag-economy","tag-fil-info","tag-finance","tag-finances","tag-fiscalite","tag-fr","tag-france","tag-impots"],"share_on_mastodon":{"url":"https:\/\/pubeurope.com\/@fr\/116464359187407561","error":""},"_links":{"self":[{"href":"https:\/\/www.europesays.com\/fr\/wp-json\/wp\/v2\/posts\/891398","targetHints":{"allow":["GET"]}}],"collection":[{"href":"https:\/\/www.europesays.com\/fr\/wp-json\/wp\/v2\/posts"}],"about":[{"href":"https:\/\/www.europesays.com\/fr\/wp-json\/wp\/v2\/types\/post"}],"author":[{"embeddable":true,"href":"https:\/\/www.europesays.com\/fr\/wp-json\/wp\/v2\/users\/2"}],"replies":[{"embeddable":true,"href":"https:\/\/www.europesays.com\/fr\/wp-json\/wp\/v2\/comments?post=891398"}],"version-history":[{"count":0,"href":"https:\/\/www.europesays.com\/fr\/wp-json\/wp\/v2\/posts\/891398\/revisions"}],"wp:featuredmedia":[{"embeddable":true,"href":"https:\/\/www.europesays.com\/fr\/wp-json\/wp\/v2\/media\/891399"}],"wp:attachment":[{"href":"https:\/\/www.europesays.com\/fr\/wp-json\/wp\/v2\/media?parent=891398"}],"wp:term":[{"taxonomy":"category","embeddable":true,"href":"https:\/\/www.europesays.com\/fr\/wp-json\/wp\/v2\/categories?post=891398"},{"taxonomy":"post_tag","embeddable":true,"href":"https:\/\/www.europesays.com\/fr\/wp-json\/wp\/v2\/tags?post=891398"}],"curies":[{"name":"wp","href":"https:\/\/api.w.org\/{rel}","templated":true}]}}