{"id":89163,"date":"2025-05-10T10:48:10","date_gmt":"2025-05-10T10:48:10","guid":{"rendered":"https:\/\/www.europesays.com\/fr\/89163\/"},"modified":"2025-05-10T10:48:10","modified_gmt":"2025-05-10T10:48:10","slug":"motogp-le-nicois-fabio-quartararo-partira-en-pole-position-du-gp-de-france","status":"publish","type":"post","link":"https:\/\/www.europesays.com\/fr\/89163\/","title":{"rendered":"MotoGP: le Ni\u00e7ois Fabio Quartararo partira en pole position du GP de France"},"content":{"rendered":"<p>Sous un beau soleil, le Ni\u00e7ois de 26 ans a devanc\u00e9 le sextuple champion du monde Marc Marquez (Ducati) et son fr\u00e8re Alex Marquez (Ducati-Gresini) pour le plus grand bonheur des dizaines de milliers de supporters tricolores mass\u00e9s autour du trac\u00e9 sarthois.<\/p>\n<p>Deux semaines apr\u00e8s avoir arrach\u00e9 une pole position compl\u00e8tement inattendue \u00e0 Jerez au nez et \u00e0 la barbe de Marc Marquez et de ses fans, \u00ab\u00a0El Diablo\u00a0\u00bb a r\u00e9cidiv\u00e9 au terme d&rsquo;un tour stratosph\u00e9rique qui lui a permis de remporter les qualifications avec 118 milli\u00e8mes d&rsquo;avance sur la l\u00e9gende espagnole.<\/p>\n<p>18e pole de sa carri\u00e8re<\/p>\n<p>Quartararo, qui a d\u00e9croch\u00e9 la 18e pole de sa carri\u00e8re, s&rsquo;\u00e9lancera donc en t\u00eate du sprint samedi (15h) et du Grand Prix dimanche (14h).\u00a0<\/p>\n<p>En Andalousie, il avait chut\u00e9 rapidement le samedi, avant de prendre <a href=\"https:\/\/www.nicematin.com\/moto\/motogp-espagne-un-marquez-peut-en-cacher-un-autre-quartararo-sur-le-podium-983620\" target=\"_blank\" rel=\"noopener\">une belle deuxi\u00e8me place<\/a> le dimanche derri\u00e8re Alex Marquez alors que Marc Marquez \u00e9tait tomb\u00e9 \u00e0 mi-course.<\/p>\n<p>Derri\u00e8re ce trio, la deuxi\u00e8me ligne sera occup\u00e9e par le rookie espagnol Fermin Aldeguer (Ducati-Gresini), son compatriote Maverick Vinales au guidon de la moto de l&rsquo;\u00e9curie fran\u00e7aise KTM-Tech3 et le double champion du monde italien Francesco Bagnaia (Ducati), encore largement battu par son co\u00e9quipier comme lors de toutes les qualifications depuis le d\u00e9but de la saison.<\/p>\n<p>L&rsquo;autre Fran\u00e7ais de la grille, Johann Zarco, a r\u00e9ussi \u00e0 s&rsquo;extirper de la Q1 (premi\u00e8re partie des qualifications) avec le meilleur temps, avant de prendre la 11e place de la Q2.<\/p>\n","protected":false},"excerpt":{"rendered":"Sous un beau soleil, le Ni\u00e7ois de 26 ans a devanc\u00e9 le sextuple champion du monde Marc Marquez&hellip;\n","protected":false},"author":2,"featured_media":89164,"comment_status":"","ping_status":"","sticky":false,"template":"","format":"standard","meta":{"footnotes":""},"categories":[1413],"tags":[1977,1011,27,1457,1456,60],"class_list":{"0":"post-89163","1":"post","2":"type-post","3":"status-publish","4":"format-standard","5":"has-post-thumbnail","7":"category-moto","8":"tag-auto","9":"tag-fr","10":"tag-france","11":"tag-moto","12":"tag-motocycle","13":"tag-sports"},"share_on_mastodon":{"url":"https:\/\/pubeurope.com\/@fr\/114483147888170617","error":""},"_links":{"self":[{"href":"https:\/\/www.europesays.com\/fr\/wp-json\/wp\/v2\/posts\/89163","targetHints":{"allow":["GET"]}}],"collection":[{"href":"https:\/\/www.europesays.com\/fr\/wp-json\/wp\/v2\/posts"}],"about":[{"href":"https:\/\/www.europesays.com\/fr\/wp-json\/wp\/v2\/types\/post"}],"author":[{"embeddable":true,"href":"https:\/\/www.europesays.com\/fr\/wp-json\/wp\/v2\/users\/2"}],"replies":[{"embeddable":true,"href":"https:\/\/www.europesays.com\/fr\/wp-json\/wp\/v2\/comments?post=89163"}],"version-history":[{"count":0,"href":"https:\/\/www.europesays.com\/fr\/wp-json\/wp\/v2\/posts\/89163\/revisions"}],"wp:featuredmedia":[{"embeddable":true,"href":"https:\/\/www.europesays.com\/fr\/wp-json\/wp\/v2\/media\/89164"}],"wp:attachment":[{"href":"https:\/\/www.europesays.com\/fr\/wp-json\/wp\/v2\/media?parent=89163"}],"wp:term":[{"taxonomy":"category","embeddable":true,"href":"https:\/\/www.europesays.com\/fr\/wp-json\/wp\/v2\/categories?post=89163"},{"taxonomy":"post_tag","embeddable":true,"href":"https:\/\/www.europesays.com\/fr\/wp-json\/wp\/v2\/tags?post=89163"}],"curies":[{"name":"wp","href":"https:\/\/api.w.org\/{rel}","templated":true}]}}