{"id":89165,"date":"2025-05-10T10:49:09","date_gmt":"2025-05-10T10:49:09","guid":{"rendered":"https:\/\/www.europesays.com\/fr\/89165\/"},"modified":"2025-05-10T10:49:09","modified_gmt":"2025-05-10T10:49:09","slug":"les-accusations-fusent-dans-le-paddock","status":"publish","type":"post","link":"https:\/\/www.europesays.com\/fr\/89165\/","title":{"rendered":"les accusations fusent dans le paddock"},"content":{"rendered":"<p itemprop=\"description\">\u00c0 l\u2019approche de la saison europ\u00e9enne, la<br \/>\nrivalit\u00e9 entre Red Bull et McLaren s\u2019intensifie, avec des \u00e9changes<br \/>\nacerbes et des suspicions de tricherie technique de plus en plus<br \/>\nvives.<\/p>\n<p class=\"\" data-start=\"450\" data-end=\"819\">Le Grand Prix de Miami<br \/>\nn\u2019a pas seulement offert du spectacle en piste. En coulisses, les<br \/>\ntensions sont mont\u00e9es d\u2019un cran entre deux figures majeures du<br \/>\n<a href=\"https:\/\/f1i.autojournal.fr\/calendrier-f1-2025-dates-horaires-grands-prix\/\" target=\"_blank\" rel=\"noopener\"><br \/>\nchampionnat F1 2025<\/a> : Christian Horner et Zak Brown. Leur<br \/>\naffrontement verbal illustre parfaitement l\u2019ambiance \u00e9lectrique qui<br \/>\nr\u00e8gne alors que Red Bull et McLaren affinent leurs armes pour<br \/>\ndominer la saison en cours.<\/p>\n<p class=\"\" data-start=\"821\" data-end=\"1152\">Depuis plusieurs<br \/>\ncourses, des doutes planent sur la l\u00e9galit\u00e9 de certaines pratiques<br \/>\nutilis\u00e9es par McLaren, notamment concernant la gestion thermique<br \/>\ndes pneus. Des rumeurs persistantes \u00e9voquent l\u2019utilisation d\u2019eau<br \/>\ninject\u00e9e dans les gommes pour am\u00e9liorer leur tenue en temp\u00e9rature,<br \/>\nune technique que McLaren a formellement d\u00e9mentie.<\/p>\n<p>L\u2019ironie comme arme : la<br \/>\ngourde \u201ctire water\u201d<\/p>\n<p class=\"\" data-start=\"1209\" data-end=\"1570\">Visiblement irrit\u00e9<br \/>\npar ces soup\u00e7ons, Zak Brown a choisi de riposter\u2026 avec humour. Il<br \/>\nest ainsi apparu dans le paddock muni d\u2019une gourde \u00e9tiquet\u00e9e \u00ab\u00a0tire<br \/>\nwater\u00a0\u00bb, une pique directe aux all\u00e9gations formul\u00e9es \u00e0 demi-mot par<br \/>\nRed Bull. \u00ab\u00a0C\u2019\u00e9tait une blague, mais il semble que certains<br \/>\nprennent ces histoires un peu trop au s\u00e9rieux\u00a0\u00bb a-t-il ironis\u00e9<br \/>\ndans les m\u00e9dias.<\/p>\n<p class=\"\" data-start=\"1572\" data-end=\"1868\">Derri\u00e8re cette mise<br \/>\nen sc\u00e8ne, le patron de McLaren a propos\u00e9 une mesure choc : toute<br \/>\n\u00e9quipe d\u00e9posant une r\u00e9clamation technique devrait y adjoindre une<br \/>\ncaution de 25.000 dollars, d\u00e9duite de son budget si la plainte est<br \/>\njug\u00e9e infond\u00e9e. Une suggestion qui vise clairement les agissements<br \/>\nde Red Bull.<\/p>\n<p>Horner contre-attaque, mais<br \/>\ncherche \u00e0 d\u00e9samorcer<\/p>\n<p class=\"\" data-start=\"1929\" data-end=\"2287\">De son c\u00f4t\u00e9,<br \/>\nChristian Horner n\u2019a pas tard\u00e9 \u00e0 r\u00e9pondre. Avec une touche d\u2019humour<br \/>\n\u00e9galement, il a propos\u00e9 d\u2019offrir une canette de Red Bull \u00e0 son<br \/>\nhomologue \u00ab\u00a0pour lui redonner de l\u2019\u00e9nergie sur le muret des<br \/>\nstands\u00a0\u00bb. Mais au-del\u00e0 des piques, le directeur de Red Bull a<br \/>\ntenu \u00e0 rappeler que ce genre de confrontations techniques est<br \/>\nmonnaie courante en Formule 1.<\/p>\n<p class=\"\" data-start=\"2289\" data-end=\"2580\">Selon lui, la<br \/>\ncomp\u00e9tition pousse chaque \u00e9curie \u00e0 surveiller les autres de tr\u00e8s<br \/>\npr\u00e8s, d\u2019autant plus que les \u00e9carts de performance sont minimes. Il<br \/>\nsouligne \u00e9galement que les \u00e9quipes disposent souvent de moyens<br \/>\nsup\u00e9rieurs \u00e0 ceux de la FIA pour scruter les solutions utilis\u00e9es<br \/>\npar leurs rivaux.<\/p>\n<p>Une lutte pour la supr\u00e9matie<br \/>\ntechnique<\/p>\n<p class=\"\" data-start=\"2631\" data-end=\"3078\">Cette joute verbale<br \/>\nn\u2019est qu\u2019un \u00e9pisode de plus dans une guerre de positionnement qui<br \/>\ns\u2019annonce rude entre McLaren et Red Bull en 2025. Entre coups de<br \/>\npression, humour grin\u00e7ant et sous-entendus techniques, Woking et<br \/>\nMilton Keynes se livrent une bataille d\u2019influence autant qu\u2019une<br \/>\ncourse \u00e0 la performance.<\/p>\n<p class=\"\" data-start=\"2631\" data-end=\"3078\">Dans cette ambiance<br \/>\n\u00e9lectrique, la moindre innovation, r\u00e9elle ou suppos\u00e9e, devient un<br \/>\nenjeu strat\u00e9gique. La F1 moderne, plus que jamais, se joue aussi<br \/>\ndans les coulisses.<\/p>\n","protected":false},"excerpt":{"rendered":"\u00c0 l\u2019approche de la saison europ\u00e9enne, la rivalit\u00e9 entre Red Bull et McLaren s\u2019intensifie, avec des \u00e9changes acerbes&hellip;\n","protected":false},"author":2,"featured_media":89166,"comment_status":"","ping_status":"","sticky":false,"template":"","format":"standard","meta":{"footnotes":""},"categories":[1412],"tags":[1451,1452,1453,1454,1455,1011,27,4475,2255,6605,60],"class_list":{"0":"post-89165","1":"post","2":"type-post","3":"status-publish","4":"format-standard","5":"has-post-thumbnail","7":"category-f1","8":"tag-f1","9":"tag-formula-1","10":"tag-formula1","11":"tag-formule-1","12":"tag-formule1","13":"tag-fr","14":"tag-france","15":"tag-mclaren","16":"tag-red-bull","17":"tag-saison-f1-2025","18":"tag-sports"},"share_on_mastodon":{"url":"https:\/\/pubeurope.com\/@fr\/114483151728978273","error":""},"_links":{"self":[{"href":"https:\/\/www.europesays.com\/fr\/wp-json\/wp\/v2\/posts\/89165","targetHints":{"allow":["GET"]}}],"collection":[{"href":"https:\/\/www.europesays.com\/fr\/wp-json\/wp\/v2\/posts"}],"about":[{"href":"https:\/\/www.europesays.com\/fr\/wp-json\/wp\/v2\/types\/post"}],"author":[{"embeddable":true,"href":"https:\/\/www.europesays.com\/fr\/wp-json\/wp\/v2\/users\/2"}],"replies":[{"embeddable":true,"href":"https:\/\/www.europesays.com\/fr\/wp-json\/wp\/v2\/comments?post=89165"}],"version-history":[{"count":0,"href":"https:\/\/www.europesays.com\/fr\/wp-json\/wp\/v2\/posts\/89165\/revisions"}],"wp:featuredmedia":[{"embeddable":true,"href":"https:\/\/www.europesays.com\/fr\/wp-json\/wp\/v2\/media\/89166"}],"wp:attachment":[{"href":"https:\/\/www.europesays.com\/fr\/wp-json\/wp\/v2\/media?parent=89165"}],"wp:term":[{"taxonomy":"category","embeddable":true,"href":"https:\/\/www.europesays.com\/fr\/wp-json\/wp\/v2\/categories?post=89165"},{"taxonomy":"post_tag","embeddable":true,"href":"https:\/\/www.europesays.com\/fr\/wp-json\/wp\/v2\/tags?post=89165"}],"curies":[{"name":"wp","href":"https:\/\/api.w.org\/{rel}","templated":true}]}}