{"id":892104,"date":"2026-04-25T16:22:31","date_gmt":"2026-04-25T16:22:31","guid":{"rendered":"https:\/\/www.europesays.com\/fr\/892104\/"},"modified":"2026-04-25T16:22:31","modified_gmt":"2026-04-25T16:22:31","slug":"sur-cette-place-de-bordeaux-les-passants-foulent-sans-le-savoir-un-ancien-reservoir-deau-de-lallemagne-nazie","status":"publish","type":"post","link":"https:\/\/www.europesays.com\/fr\/892104\/","title":{"rendered":"Sur cette place de Bordeaux, les passants foulent sans le savoir un ancien r\u00e9servoir d&rsquo;eau de l&rsquo;Allemagne nazie"},"content":{"rendered":"<p>                    Par<br \/>\n        <strong><br \/>\n            <a href=\"https:\/\/actu.fr\/auteur\/sports33\" title=\"Consulter tous les articles de Nicolas Gosselin\" rel=\"nofollow noopener\" target=\"_blank\">Nicolas Gosselin<\/a><br \/>\n                    <\/strong><\/p>\n<p>        Publi\u00e9 le<\/p>\n<p>            25 avr. 2026 \u00e0 17h42        <\/p>\n<p class=\" wall-content\">Durant la <a href=\"https:\/\/actu.fr\/tag\/seconde-guerre-mondiale\" rel=\"nofollow noopener\" target=\"_blank\">Seconde Guerre mondiale<\/a>, la fontaine de la place du Parlement \u00e9tait entour\u00e9e par un <strong>immense r\u00e9servoir d\u2019eau<\/strong>, dont on visualise l\u2019ancienne emprise au sol par des pav\u00e9s gris.<\/p>\n<p class=\" wall-content\">Pour rappel, la ville de Bordeaux a \u00e9t\u00e9 <strong>occup\u00e9e par le Troisi\u00e8me Reich<\/strong> de juillet 1940 \u00e0 ao\u00fbt 1944. \u00ab\u00a0Ce r\u00e9servoir d\u2019eau \u00e9tait <strong>un moyen pratique<\/strong> pour les Allemands de r\u00e9agir rapidement en cas d\u2019<a href=\"https:\/\/actu.fr\/tag\/incendie\" rel=\"nofollow noopener\" target=\"_blank\">incendie<\/a>\u00ab\u00a0, explique Morgane Bichon, guide \u00e0 l\u2019office de tourisme de Bordeaux.<\/p>\n<p>Pr\u00e9vu en cas de bombardements<\/p>\n<p class=\" wall-content\">\u00ab\u00a0La<strong> peur des bombardements<\/strong> \u00e9tait une peur tr\u00e8s commune durant la Seconde guerre mondiale\u00a0\u00bb, ajoute-t-elle.<\/p>\n<p class=\" wall-content\">Avant d\u2019occuper Bordeaux, les Allemands ont bombard\u00e9 le centre-ville au milieu de la nuit du 19 au 20 juin 1940, faisant <strong>une soixantaine de morts<\/strong>.<\/p>\n<p class=\" wall-content\">Puis, quand les nazis ont <a href=\"https:\/\/actu.fr\/tag\/occupation\" rel=\"nofollow noopener\" target=\"_blank\">pris possession de Bordeaux<\/a>, les Alli\u00e9s ont \u00e0 leur tour cibl\u00e9 la ville avec leurs bombes\u00a0du 22 novembre 1940 au 18 ao\u00fbt 1944.\u00a0<\/p>\n<p>Des centaines de victimes<\/p>\n<p class=\" wall-content\">L\u2019association <a href=\"http:\/\/www.ajpn.org\/commune-Bordeaux-en-1939-1945-33063.html#:~:text=Bombardements%20des%2019%20et%2020,68%20morts%20et%20185%20bless%C3%A9s.\" rel=\"nofollow noopener\" target=\"_blank\">Anonymes, Justes et Pers\u00e9cut\u00e9s durant la p\u00e9riode nazie dans les communes de France (AJPN)<\/a> r\u00e9pertorie ces diff\u00e9rents \u00e9v\u00e9nements et \u00e9voque <strong>des centaines de morts et de bless\u00e9s<\/strong> durant cette p\u00e9riode.\u00a0<\/p>\n<p class=\" wall-content\">Le 18 ao\u00fbt 1944, par exemple, les Anglais ont cibl\u00e9 la base sous-marine et largu\u00e9 une centaine de tonnes de bombes sur Bordeaux, occasionnant des <strong>d\u00e9g\u00e2ts consid\u00e9rables<\/strong>.<\/p>\n<p>Pour en savoir plus\u00a0: l\u2019office de tourisme organise toute l\u2019ann\u00e9e des <a href=\"https:\/\/www.visiter-bordeaux.com\/fr?subid=actubx\" rel=\"nofollow noopener\" target=\"_blank\">visites guid\u00e9es historiques, gastronomiques, patrimoniales ou encore artistiques<\/a>.<\/p>\n<p class=\" wall-content\">Personnalisez votre actualit\u00e9 en ajoutant vos villes et m\u00e9dias en favori avec <a href=\"https:\/\/moncompte.actu.fr\" title=\"D\u00e9couvez Mon Actu\" rel=\"nofollow noopener\" data-trk=\"{&quot;cta&quot;:{&quot;action&quot;:&quot;https:\\\/\\\/moncompte.actu.fr&quot;,&quot;category&quot;:&quot;mon compte&quot;,&quot;from&quot;:&quot;article footer&quot;,&quot;name&quot;:&quot;Mon actu&quot;,&quot;type&quot;:&quot;cta&quot;}}\" target=\"_blank\">Mon Actu<\/a>.<\/p>\n","protected":false},"excerpt":{"rendered":"Par Nicolas Gosselin Publi\u00e9 le 25 avr. 2026 \u00e0 17h42 Durant la Seconde Guerre mondiale, la fontaine de&hellip;\n","protected":false},"author":2,"featured_media":892105,"comment_status":"","ping_status":"","sticky":false,"template":"","format":"standard","meta":{"footnotes":"","_share_on_mastodon":"0"},"categories":[2817],"tags":[1111,11,1997,1777,674,1011,27,937,12,2219,1234,25,935,104],"class_list":["post-892104","post","type-post","status-publish","format-standard","has-post-thumbnail","category-bordeaux","tag-actu","tag-actualites","tag-bordeaux","tag-eu","tag-europe","tag-fr","tag-france","tag-histoire","tag-news","tag-nouvelle-aquitaine","tag-occupation","tag-republique-francaise","tag-seconde-guerre-mondiale","tag-societe"],"share_on_mastodon":{"url":"https:\/\/pubeurope.com\/@fr\/116466270043334753","error":""},"_links":{"self":[{"href":"https:\/\/www.europesays.com\/fr\/wp-json\/wp\/v2\/posts\/892104","targetHints":{"allow":["GET"]}}],"collection":[{"href":"https:\/\/www.europesays.com\/fr\/wp-json\/wp\/v2\/posts"}],"about":[{"href":"https:\/\/www.europesays.com\/fr\/wp-json\/wp\/v2\/types\/post"}],"author":[{"embeddable":true,"href":"https:\/\/www.europesays.com\/fr\/wp-json\/wp\/v2\/users\/2"}],"replies":[{"embeddable":true,"href":"https:\/\/www.europesays.com\/fr\/wp-json\/wp\/v2\/comments?post=892104"}],"version-history":[{"count":0,"href":"https:\/\/www.europesays.com\/fr\/wp-json\/wp\/v2\/posts\/892104\/revisions"}],"wp:featuredmedia":[{"embeddable":true,"href":"https:\/\/www.europesays.com\/fr\/wp-json\/wp\/v2\/media\/892105"}],"wp:attachment":[{"href":"https:\/\/www.europesays.com\/fr\/wp-json\/wp\/v2\/media?parent=892104"}],"wp:term":[{"taxonomy":"category","embeddable":true,"href":"https:\/\/www.europesays.com\/fr\/wp-json\/wp\/v2\/categories?post=892104"},{"taxonomy":"post_tag","embeddable":true,"href":"https:\/\/www.europesays.com\/fr\/wp-json\/wp\/v2\/tags?post=892104"}],"curies":[{"name":"wp","href":"https:\/\/api.w.org\/{rel}","templated":true}]}}