{"id":89228,"date":"2025-05-10T11:26:15","date_gmt":"2025-05-10T11:26:15","guid":{"rendered":"https:\/\/www.europesays.com\/fr\/89228\/"},"modified":"2025-05-10T11:26:15","modified_gmt":"2025-05-10T11:26:15","slug":"le-memorial-de-labolition-de-lesclavage-un-lieu-pour-se-souvenir","status":"publish","type":"post","link":"https:\/\/www.europesays.com\/fr\/89228\/","title":{"rendered":"le M\u00e9morial de l&rsquo;abolition de l&rsquo;esclavage, un lieu pour \u00ab\u00a0se souvenir\u00a0\u00bb"},"content":{"rendered":"<p>            Par<br \/>\n        <strong><br \/>\n            <a href=\"https:\/\/actu.fr\/auteur\/tristan-mahe-actu-fr\" title=\"Consulter tous les articles de Tristan Mah\u00e9\" rel=\"nofollow noopener\" target=\"_blank\">Tristan Mah\u00e9<\/a><br \/>\n        <\/strong><\/p>\n<p>        Publi\u00e9 le<\/p>\n<p>            10 mai 2025 \u00e0 12h06        <\/p>\n<p>Libert\u00e9. \u00c9crit dans pr\u00e8s de <strong>50 langues diff\u00e9rentes<\/strong>, c\u2019est le mot phare du c\u00e9l\u00e8bre <a href=\"https:\/\/memorial.nantes.fr\/\" rel=\"nofollow noopener\" target=\"_blank\">m\u00e9morial nantais sur l\u2019abolition de l\u2019esclavage et de la traite n\u00e9gri\u00e8re<\/a>.<\/p>\n<p class=\" wall-content\">Le 10\u00a0mai est la <strong>journ\u00e9e nationale des m\u00e9moires de la traite, de l\u2019esclavage et de leurs abolitions<\/strong>. Et Nantes ayant \u00e9t\u00e9 le plus grand port de France d\u00e9di\u00e9 \u00e0 la traite n\u00e9gri\u00e8re, la symbolique de ce jour r\u00e9sonne particuli\u00e8rement pour la ville, dont l\u2019histoire est marqu\u00e9e par le commerce triangulaire.<\/p>\n<p>\u00ab\u2009Se souvenir\u2009\u00bb<\/p>\n<p class=\" wall-content\">Inaugur\u00e9 en 2012, le M\u00e9morial a \u00e9t\u00e9 con\u00e7u par le plasticien Krzysztof Wodiczko et l\u2019architecte Julian Bonder. Les artistes concepteurs ont voulu cr\u00e9er \u00ab\u2009une \u00e9vocation m\u00e9taphorique et \u00e9motionnelle de la lutte, principalement historique mais toujours actuelle, pour l\u2019abolition de l\u2019esclavage\u2009\u00bb.<\/p>\n<p class=\" wall-content\">Le lieu de m\u00e9moire porte un <strong>triple message<\/strong>\u2009: \u00ab\u2009un hommage \u00e0 tous ceux qui se sont \u00e9lev\u00e9s et lutt\u00e8rent contre l\u2019esclavage, une invitation \u00e0 la m\u00e9ditation sur ces crimes et appelle \u00e0 poursuivre aujourd\u2019hui la lutte contre toutes les formes d\u2019exploitation humaine dans le monde\u2009\u00bb.<\/p>\n<p>      <img   decoding=\"async\" loading=\"lazy\" src=\"https:\/\/www.europesays.com\/fr\/wp-content\/uploads\/2025\/05\/memorial-abolition-esclavage-nantes-960x640.jpg\" alt=\"Le M\u00e9morial a \u00e9t\u00e9 organis\u00e9 en 2012.\" width=\"960\" height=\"640\"\/><br \/>\n    Le M\u00e9morial a \u00e9t\u00e9 organis\u00e9 en 2012. (\u00a9Tristan Mah\u00e9 \/ actu Nantes)Vid\u00e9os : en ce moment sur Actu<\/p>\n<p class=\" wall-content\">La vocation du M\u00e9morial <strong>\u00ab\u2009n\u2019est pas d\u2019expliquer l\u2019histoire mais de se souvenir de point de rep\u00e8re\u2009\u00bb<\/strong> pour refuser toute forme d\u2019asservissement et d\u2019affirmer \u00ab\u2009la richesse et diversit\u00e9 humaine\u2009\u00bb.<\/p>\n<p class=\" wall-content\">Tout au long de l\u2019esplanade, <strong>2\u2009000 plaques de verre sont r\u00e9parties<\/strong>. Ces plaques rappellent\u00a0noms des exp\u00e9ditions n\u00e9gri\u00e8res parties de Nantes, les noms de comptoirs n\u00e9griers ou les ports d\u2019escales fr\u00e9quent\u00e9s par les n\u00e9griers nantais.<\/p>\n<p>Un mois de mai d\u00e9di\u00e9 au sujet de la comm\u00e9moration<\/p>\n<p class=\" wall-content\">Les visiteurs peuvent suivre un escalier les guidant vers un passage souterrain. La D\u00e9claration universelle des Droits de l\u2019Homme accueille le public. Sous les quais, des textes historiques contre l\u2019esclavage sont inscrits.\u00a0<\/p>\n<p class=\" wall-content\">Comme l\u2019a constat\u00e9 sur place <a href=\"https:\/\/actu.fr\/nantes\" rel=\"nofollow noopener\" target=\"_blank\">actu Nantes<\/a>, des enfants de l\u2019\u00e9cole Le Baut s\u2019attroupent ce vendredi 9\u00a0mai devant les panneaux explicatifs.<\/p>\n<p>      <img   decoding=\"async\" loading=\"lazy\" src=\"https:\/\/www.europesays.com\/fr\/wp-content\/uploads\/2025\/05\/memorial-abolition-esclavage-nantes-1-960x640.jpg\" alt=\"Une immense plaque de verre est le  le support d\u2019une s\u00e9lection de textes historiques&#10;ou contemporains de textes qui se sont \u00e9lev\u00e9s contre l'esclavage.\" width=\"960\" height=\"640\"\/><br \/>\n    Une immense plaque de verre est le le support d\u2019une s\u00e9lection de textes historiques<br \/>ou contemporains de textes qui se sont \u00e9lev\u00e9s contre l\u2019esclavage. (\u00a9Tristan Mah\u00e9 \/ actu Nantes)<\/p>\n<p class=\" wall-content\">Les 38 \u00e9l\u00e8ves de CM1 et CM2 ont pass\u00e9 la journ\u00e9e \u00e0 compl\u00e9ter les questions d\u2019un rallye sur le sujet, organis\u00e9 par l\u2019association <a href=\"https:\/\/outremer44.com\/\" rel=\"nofollow noopener\" target=\"_blank\">M\u00e9moire de l\u2019Outre-Mer<\/a>. \u00ab\u2009C\u2019est important, ils verront \u00e7a dans le programme du coll\u00e8ge. \u00c7a les forme en tant que futurs citoyens, et \u00e7a permet surtout de <strong>sensibiliser<\/strong>\u2009\u00bb, explique, C\u00e9cile, enseignante accompagnatrice de la troupe.<\/p>\n<p class=\" wall-content\">En compl\u00e9ment du M\u00e9morial, <strong>un parcours comm\u00e9moratif urbain d\u20191,5km<\/strong> traverse les lieux embl\u00e9matiques de la ville, comme le quai de la Fosse ou encore l\u2019\u00eele Feydeau. Il est parsem\u00e9 de 12 panneaux retra\u00e7ant la traite n\u00e9gri\u00e8re dans ses dimensions historique et m\u00e9morielle, et reliant symboliquement le M\u00e9morial, lieu de m\u00e9moire, au Ch\u00e2teau des ducs de Bretagne, lieu d\u2019histoire.<\/p>\n<p class=\" wall-content\"><strong>Nantes m\u00e9tropole organise <a href=\"https:\/\/memorial.nantes.fr\/2025\/04\/22\/10-mai-2025\/\" rel=\"nofollow noopener\" target=\"_blank\">plus de 47 \u00e9v\u00e9nements comm\u00e9moratifs<\/a> en tous genres<\/strong> jusqu\u2019\u00e0 la fin du mois de mai\u2009: conf\u00e9rences, expositions, documentaires ou encore concerts. Pour cette \u00e9dition 2025, le th\u00e8me met en lumi\u00e8re <strong>la place des femmes dans l\u2019histoire des traites<\/strong>, et a pour objectif d\u2019\u00e9tablir un lien entre les combats pass\u00e9s et actuels.<\/p>\n<p class=\" wall-content\">Suivez toute l\u2019actualit\u00e9 de vos villes et m\u00e9dias favoris en vous inscrivant \u00e0 <a href=\"https:\/\/moncompte.actu.fr\" title=\"D\u00e9couvez Mon Actu\" rel=\"nofollow noopener\" data-trk=\"{&quot;cta&quot;:{&quot;action&quot;:&quot;https:\\\/\\\/moncompte.actu.fr&quot;,&quot;category&quot;:&quot;mon compte&quot;,&quot;from&quot;:&quot;article footer&quot;,&quot;name&quot;:&quot;Mon actu&quot;,&quot;type&quot;:&quot;cta&quot;}}\" target=\"_blank\">Mon Actu<\/a>.<\/p>\n","protected":false},"excerpt":{"rendered":"Par Tristan Mah\u00e9 Publi\u00e9 le 10 mai 2025 \u00e0 12h06 Libert\u00e9. \u00c9crit dans pr\u00e8s de 50 langues diff\u00e9rentes,&hellip;\n","protected":false},"author":2,"featured_media":89229,"comment_status":"","ping_status":"","sticky":false,"template":"","format":"standard","meta":{"footnotes":""},"categories":[2818],"tags":[1111,11,1777,674,1011,27,937,766,12,2636,25,104],"class_list":{"0":"post-89228","1":"post","2":"type-post","3":"status-publish","4":"format-standard","5":"has-post-thumbnail","7":"category-nantes","8":"tag-actu","9":"tag-actualites","10":"tag-eu","11":"tag-europe","12":"tag-fr","13":"tag-france","14":"tag-histoire","15":"tag-nantes","16":"tag-news","17":"tag-pays-de-la-loire","18":"tag-republique-francaise","19":"tag-societe"},"share_on_mastodon":{"url":"https:\/\/pubeurope.com\/@fr\/114483297248959171","error":""},"_links":{"self":[{"href":"https:\/\/www.europesays.com\/fr\/wp-json\/wp\/v2\/posts\/89228","targetHints":{"allow":["GET"]}}],"collection":[{"href":"https:\/\/www.europesays.com\/fr\/wp-json\/wp\/v2\/posts"}],"about":[{"href":"https:\/\/www.europesays.com\/fr\/wp-json\/wp\/v2\/types\/post"}],"author":[{"embeddable":true,"href":"https:\/\/www.europesays.com\/fr\/wp-json\/wp\/v2\/users\/2"}],"replies":[{"embeddable":true,"href":"https:\/\/www.europesays.com\/fr\/wp-json\/wp\/v2\/comments?post=89228"}],"version-history":[{"count":0,"href":"https:\/\/www.europesays.com\/fr\/wp-json\/wp\/v2\/posts\/89228\/revisions"}],"wp:featuredmedia":[{"embeddable":true,"href":"https:\/\/www.europesays.com\/fr\/wp-json\/wp\/v2\/media\/89229"}],"wp:attachment":[{"href":"https:\/\/www.europesays.com\/fr\/wp-json\/wp\/v2\/media?parent=89228"}],"wp:term":[{"taxonomy":"category","embeddable":true,"href":"https:\/\/www.europesays.com\/fr\/wp-json\/wp\/v2\/categories?post=89228"},{"taxonomy":"post_tag","embeddable":true,"href":"https:\/\/www.europesays.com\/fr\/wp-json\/wp\/v2\/tags?post=89228"}],"curies":[{"name":"wp","href":"https:\/\/api.w.org\/{rel}","templated":true}]}}