{"id":89238,"date":"2025-05-10T11:31:11","date_gmt":"2025-05-10T11:31:11","guid":{"rendered":"https:\/\/www.europesays.com\/fr\/89238\/"},"modified":"2025-05-10T11:31:11","modified_gmt":"2025-05-10T11:31:11","slug":"portes-ouvertes-a-la-citadelle-de-lille-les-14-15-juin-2025","status":"publish","type":"post","link":"https:\/\/www.europesays.com\/fr\/89238\/","title":{"rendered":"Portes ouvertes \u00e0 la Citadelle de Lille les 14 &#038; 15 juin 2025"},"content":{"rendered":"<p style=\"text-align: justify;\">Les <strong>samedi 14<\/strong> et <strong>dimanche 15 juin 2025,<\/strong> la <strong>Citadelle de Lille<\/strong> <strong>ouvrira ses portes au grand public,<\/strong> offrant <strong>une exp\u00e9rience unique au c\u0153ur de ce monument historique<\/strong> <strong>embl\u00e9matique de la ville<\/strong> et de la <strong>r\u00e9gion.\u00a0<\/strong><\/p>\n<p style=\"text-align: justify;\">Au-del\u00e0 de la <strong>d\u00e9couverte du site militaire, <\/strong>de <strong>nombreuses activit\u00e9s <\/strong>seront propos\u00e9es pour <strong>tout public <\/strong>pour<strong> plonger en famille<\/strong> ou <strong>entre amis<\/strong> dans<strong> une ambiance conviviale<\/strong> et <strong>festive.<\/strong><\/p>\n<p><img loading=\"lazy\" decoding=\"async\" width=\"724\" height=\"1024\" src=\"https:\/\/www.europesays.com\/fr\/wp-content\/uploads\/2025\/05\/portes_ouvertes_citadelle_lille-724x1024.jpg\" alt=\"\" class=\"wp-image-84697\" style=\"aspect-ratio:0.70703125;width:500px;height:auto\"  \/><\/p>\n<p>Au programme<\/p>\n<p style=\"text-align: justify;\"><strong><img loading=\"lazy\" decoding=\"async\" class=\"size-full wp-image-45 lazyloaded tie-appear\" src=\"https:\/\/www.europesays.com\/fr\/wp-content\/uploads\/2025\/04\/arrow.png\" alt=\"\" width=\"9\" height=\"9\" data-lazy-src=\"https:\/\/www.europesays.com\/fr\/wp-content\/uploads\/2025\/04\/arrow.png\"\/> Reconstitutions historiques<\/strong><br \/>D\u00e9couvrez des <strong>sc\u00e8nes historiques reconstitu\u00e9es <\/strong>par des <strong>passionn\u00e9s en costumes d\u2019\u00e9poque<\/strong> qui <strong>redonneront vie \u00e0 certains r\u00e9cits militaires de la citadelle.<\/strong><\/p>\n<p style=\"text-align: justify;\"><strong><img loading=\"lazy\" decoding=\"async\" class=\"size-full wp-image-45 lazyloaded tie-appear\" src=\"https:\/\/www.europesays.com\/fr\/wp-content\/uploads\/2025\/04\/arrow.png\" alt=\"\" width=\"9\" height=\"9\" data-lazy-src=\"https:\/\/www.europesays.com\/fr\/wp-content\/uploads\/2025\/04\/arrow.png\"\/> Spectacle de cape et d\u2019\u00e9p\u00e9e<\/strong><br \/>Plongez dans <strong>l\u2019univers des mousquetaires<\/strong> avec des <strong>d\u00e9monstrations \u00e9poustouflantes <\/strong>m\u00ealant <strong>action, humour <\/strong>et <strong>prouesses artistiques<\/strong> tout au long du week-end.<\/p>\n<p style=\"text-align: justify;\"><strong><img loading=\"lazy\" decoding=\"async\" class=\"size-full wp-image-45 lazyloaded tie-appear\" src=\"https:\/\/www.europesays.com\/fr\/wp-content\/uploads\/2025\/04\/arrow.png\" alt=\"\" width=\"9\" height=\"9\" data-lazy-src=\"https:\/\/www.europesays.com\/fr\/wp-content\/uploads\/2025\/04\/arrow.png\"\/> D\u00e9monstrations de savoir-faire et mat\u00e9riels militaires<\/strong><br \/>D\u00e9couvrez <strong>certaines des techniques d\u2019entra\u00eenement<\/strong> et <strong>\u00e9quipements<\/strong> <strong>utilis\u00e9s par les forces arm\u00e9es fran\u00e7aises :<\/strong> <strong>d\u00e9monstrations de techniques d\u2019intervention rapproch\u00e9es<\/strong> et <strong>savoir-faire cynophiles, l\u00e2cher de pigeons militaires, pr\u00e9sentation de v\u00e9hicules militaires blind\u00e9s fran\u00e7ais <\/strong>et <strong>alli\u00e9s, drones,<\/strong>\u2026<\/p>\n<p style=\"text-align: justify;\"><strong><img loading=\"lazy\" decoding=\"async\" class=\"size-full wp-image-45 lazyloaded tie-appear\" src=\"https:\/\/www.europesays.com\/fr\/wp-content\/uploads\/2025\/04\/arrow.png\" alt=\"\" width=\"9\" height=\"9\" data-lazy-src=\"https:\/\/www.europesays.com\/fr\/wp-content\/uploads\/2025\/04\/arrow.png\"\/> Jeux pour enfants\u2026et pour les plus grands !<\/strong><br \/><strong>Ch\u00e2teaux gonflables, parcours mini commando, tirs airsoft <\/strong>et <strong>laser, parcours \u00e9vasion,<\/strong>\u2026<\/p>\n<p style=\"text-align: justify;\"><strong><img loading=\"lazy\" decoding=\"async\" class=\"size-full wp-image-45 lazyloaded tie-appear\" src=\"https:\/\/www.europesays.com\/fr\/wp-content\/uploads\/2025\/04\/arrow.png\" alt=\"\" width=\"9\" height=\"9\" data-lazy-src=\"https:\/\/www.europesays.com\/fr\/wp-content\/uploads\/2025\/04\/arrow.png\"\/> Espaces d\u2019informations et de recrutement : d\u00e9couvrez les missions des militaires de la citadelle, fran\u00e7ais <\/strong>et<strong> alli\u00e9s, <\/strong>mais aussi les <strong>opportunit\u00e9s de s\u2019engager dans les forces arm\u00e9es<\/strong> et <strong>de s\u00e9curit\u00e9<\/strong> (arm\u00e9e de Terre, Marine, arm\u00e9e de l\u2019Air et de l\u2019Espace, L\u00e9gion \u00e9trang\u00e8re, Pompiers).<\/p>\n<p style=\"text-align: justify;\"><strong>Animations musicales et concerts<\/strong><br \/>La <strong>musique militaire <\/strong>accompagnera ces <strong>portes ouvertes <\/strong>avec des <strong>aubades musicales r\u00e9guli\u00e8res.<\/strong> Un <strong>concert pop\/rock \u00e9lectro<\/strong> sera<strong> offert<\/strong> le <strong>samedi 14 juin 2025 en soir\u00e9e,<\/strong> et la <strong>musique militaire de l\u2019OTAN, <\/strong>le \u00ab\u00a0SHAPE Band\u00a0\u00bb, se produira le <strong>dimanche 15 juin 2025 dans l\u2019apr\u00e8s-midi.<\/strong><\/p>\n<p><strong>Inscription obligatoire \u2013 entr\u00e9e gratuite &gt;&gt;&gt;<\/strong> <a href=\"https:\/\/docs.google.com\/forms\/d\/e\/1FAIpQLSeo-7QOyrDcMnXbI15yzSY4Bub3vgNhQi2j8TaQBE005M3Gxg\/viewform\" target=\"_blank\" rel=\"noreferrer noopener\">cliquez-ici !!!<\/a><\/p>\n<p style=\"text-align: justify;\">Informations pratiques<br \/><strong><img loading=\"lazy\" decoding=\"async\" class=\"size-full wp-image-45 lazyloaded tie-appear\" src=\"https:\/\/www.europesays.com\/fr\/wp-content\/uploads\/2025\/04\/arrow.png\" alt=\"\" width=\"9\" height=\"9\" data-lazy-src=\"https:\/\/www.europesays.com\/fr\/wp-content\/uploads\/2025\/04\/arrow.png\"\/> Acc\u00e8s : <\/strong>entr\u00e9e par la Porte royale de la citadelle, rue du 43\u00e8me R\u00e9giment d\u2019Infanterie. La sortie de la citadelle se fera exclusivement par la Porte Dauphine. Pas de parking dans la Citadelle.<\/p>\n<p><strong><img decoding=\"async\" loading=\"lazy\" class=\"size-full wp-image-45 lazyloaded tie-appear\" src=\"https:\/\/www.europesays.com\/fr\/wp-content\/uploads\/2025\/04\/arrow.png\" alt=\"\" width=\"9\" height=\"9\" data-lazy-src=\"https:\/\/www.europesays.com\/fr\/wp-content\/uploads\/2025\/04\/arrow.png\"\/> <\/strong><strong>Certaines activit\u00e9s sont payantes<\/strong> : jeux et alimentation.<\/p>\n<p style=\"text-align: justify;\"><strong><img loading=\"lazy\" decoding=\"async\" class=\"size-full wp-image-45 lazyloaded tie-appear\" src=\"https:\/\/www.europesays.com\/fr\/wp-content\/uploads\/2025\/04\/arrow.png\" alt=\"\" width=\"9\" height=\"9\" data-lazy-src=\"https:\/\/www.europesays.com\/fr\/wp-content\/uploads\/2025\/04\/arrow.png\"\/> <\/strong><strong>Restauration<\/strong> : plusieurs stands de restauration seront pr\u00e9sents, \u00e0 destination des petits et des grands.<\/p>\n<p style=\"text-align: justify;\"><strong><img loading=\"lazy\" decoding=\"async\" class=\"size-full wp-image-45 lazyloaded tie-appear\" src=\"https:\/\/www.europesays.com\/fr\/wp-content\/uploads\/2025\/04\/arrow.png\" alt=\"\" width=\"9\" height=\"9\" data-lazy-src=\"https:\/\/www.europesays.com\/fr\/wp-content\/uploads\/2025\/04\/arrow.png\"\/> Le site est pav\u00e9 :<\/strong> il est \u00e0 pr\u00e9voir des chaussures adapt\u00e9es. L\u2019acc\u00e8s aux personnes \u00e0 mobilit\u00e9 r\u00e9duite doit \u00eatre consid\u00e9r\u00e9 en cons\u00e9quence.<\/p>\n<p class=\"has-text-align-right\">Source : Corps de R\u00e9action Rapide France \/ Photos : DR \u2013 \u00a9 Corps de R\u00e9action Rapide France \/ \u00a9 Corps de R\u00e9action Rapide France <\/p>\n","protected":false},"excerpt":{"rendered":"Les samedi 14 et dimanche 15 juin 2025, la Citadelle de Lille ouvrira ses portes au grand public,&hellip;\n","protected":false},"author":2,"featured_media":89239,"comment_status":"","ping_status":"","sticky":false,"template":"","format":"standard","meta":{"footnotes":""},"categories":[2815],"tags":[19976,19977,1111,11,4556,1777,674,1011,27,811,1307,12,14241,25],"class_list":{"0":"post-89238","1":"post","2":"type-post","3":"status-publish","4":"format-standard","5":"has-post-thumbnail","7":"category-lille","8":"tag-14-juin-2025","9":"tag-15-juin-2025","10":"tag-actu","11":"tag-actualites","12":"tag-citadelle","13":"tag-eu","14":"tag-europe","15":"tag-fr","16":"tag-france","17":"tag-hauts-de-france","18":"tag-lille","19":"tag-news","20":"tag-portes-ouvertes","21":"tag-republique-francaise"},"share_on_mastodon":{"url":"https:\/\/pubeurope.com\/@fr\/114483317042404991","error":""},"_links":{"self":[{"href":"https:\/\/www.europesays.com\/fr\/wp-json\/wp\/v2\/posts\/89238","targetHints":{"allow":["GET"]}}],"collection":[{"href":"https:\/\/www.europesays.com\/fr\/wp-json\/wp\/v2\/posts"}],"about":[{"href":"https:\/\/www.europesays.com\/fr\/wp-json\/wp\/v2\/types\/post"}],"author":[{"embeddable":true,"href":"https:\/\/www.europesays.com\/fr\/wp-json\/wp\/v2\/users\/2"}],"replies":[{"embeddable":true,"href":"https:\/\/www.europesays.com\/fr\/wp-json\/wp\/v2\/comments?post=89238"}],"version-history":[{"count":0,"href":"https:\/\/www.europesays.com\/fr\/wp-json\/wp\/v2\/posts\/89238\/revisions"}],"wp:featuredmedia":[{"embeddable":true,"href":"https:\/\/www.europesays.com\/fr\/wp-json\/wp\/v2\/media\/89239"}],"wp:attachment":[{"href":"https:\/\/www.europesays.com\/fr\/wp-json\/wp\/v2\/media?parent=89238"}],"wp:term":[{"taxonomy":"category","embeddable":true,"href":"https:\/\/www.europesays.com\/fr\/wp-json\/wp\/v2\/categories?post=89238"},{"taxonomy":"post_tag","embeddable":true,"href":"https:\/\/www.europesays.com\/fr\/wp-json\/wp\/v2\/tags?post=89238"}],"curies":[{"name":"wp","href":"https:\/\/api.w.org\/{rel}","templated":true}]}}