{"id":892847,"date":"2026-04-26T00:28:14","date_gmt":"2026-04-26T00:28:14","guid":{"rendered":"https:\/\/www.europesays.com\/fr\/892847\/"},"modified":"2026-04-26T00:28:14","modified_gmt":"2026-04-26T00:28:14","slug":"loperation-une-rose-un-espoir-endeuillee-par-la-mort-dun-motard-sur-la-route-a-verneuil","status":"publish","type":"post","link":"https:\/\/www.europesays.com\/fr\/892847\/","title":{"rendered":"L\u2019op\u00e9ration \u00ab\u00a0Une rose, un espoir\u00a0\u00bb endeuill\u00e9e par la mort d\u2019un motard sur la route \u00e0 Verneuil"},"content":{"rendered":"<p>C\u2019est un drame qui vient de toucher la communaut\u00e9 des motards qui participe tout ce week-end \u00e0 l\u2019op\u00e9ration caritative \u00ab\u00a0Une rose, un espoir\u00a0\u00bb en faveur de la Ligue contre le cancer. Vers 17 heures ce samedi 25 avril 2026, un motard d\u2019une cinquantaine d\u2019ann\u00e9es a \u00e9t\u00e9 fauch\u00e9 alors que son groupe se rendait depuis Verneuil vers Vincelles sur la D1. Il est mort sur le coup.<\/p>\n<p>&#13;<br \/>\n&#13;<\/p>\n<p>&#13;<br \/>\n&#13;<\/p>\n<p>Le jeune conducteur de la voiture qui a fauch\u00e9 le motard a \u00e9t\u00e9 transport\u00e9 \u00e0 l\u2019h\u00f4pital d\u2019\u00c9pernay, en \u00e9tat de choc. Sa jeune passag\u00e8re, bless\u00e9e, a \u00e9t\u00e9 h\u00e9liport\u00e9e en urgence absolue \u00e0 Reims.<\/p>\n<p>&#13;<br \/>\n&#13;<br \/>\nPerte de contr\u00f4le<\/p>\n<p>Selon les premiers \u00e9l\u00e9ments recueillis par la compagnie de gendarmerie d\u2019\u00c9pernay, le jeune conducteur se rendait vers Verneuil. \u00ab\u00a0Il a voulu doubler des cyclistes, t\u00e9moigne un motard du groupe. Et on arrivait en face en quinconce.\u00a0\u00bb Pour une raison inconnue, sur une route pourtant sans probl\u00e8me de visibilit\u00e9 ni de dangerosit\u00e9, le conducteur a fait une embard\u00e9e sur sa gauche et a fauch\u00e9 mortellement Christophe, le motard, qui roulait sur le bas-c\u00f4t\u00e9.<\/p>\n<p>&#13;<br \/>\n&#13;<\/p>\n<p>&#13;<br \/>\n&#13;<\/p>\n<p>\u00ab\u00a0On \u00e9tait en groupe, il aurait pu tuer une paire\u00a0\u00bb, l\u00e2che, bl\u00eame, Jean-Luc Fontaine, ami de la victime. \u00ab\u00a0C\u2019est moi qui l\u2019ai fait venir chez Une rose, un espoir depuis trois ans. Je me sens coupable\u00a0\u00bb, ajoute-t-il tout en regardant les gendarmes s\u2019affairer autour de l\u2019accident.<\/p>\n<p>Une autre victime est \u00e0 d\u00e9plorer, la jeune passag\u00e8re du conducteur. C\u2019est son c\u00f4t\u00e9 du v\u00e9hicule qui a pris de plein fouet la moto arrivant en face. Bless\u00e9e et en urgence absolue, elle a \u00e9t\u00e9 h\u00e9liport\u00e9e \u00e0 Reims. Son \u00e9tat de sant\u00e9 demeure inconnu. L\u2019enqu\u00eate est en cours pour mieux comprendre les circonstances de l\u2019accident. La route a \u00e9t\u00e9 coup\u00e9e plusieurs heures, le temps d\u2019\u00e9vacuer les v\u00e9hicules et le corps de la victime.<\/p>\n<p>&#13;<br \/>\n&#13;<\/p>\n<p>&#13;<br \/>\n&#13;<\/p>\n<p>&#13;<br \/>\n&#13;<br \/>\nL\u2019op\u00e9ration se poursuit ce dimanche<\/p>\n<p>C\u2019est un coup terrible pour l\u2019association \u00ab\u00a0<a href=\"https:\/\/www.lunion.fr\/id795855\/article\/2026-03-24\/operation-une-rose-un-espoir-dans-la-marne-une-nouvelle-association-pour-prendre\" target=\"_blank\" rel=\"nofollow noopener\">Une rose, un espoir<\/a>\u00a0\u00bb, qui voit pr\u00e8s de 200 motards parcourir les routes de la Vall\u00e9e de la Marne pour recueillir des dons. \u00ab\u00a0On est tous r\u00e9unis \u00e0 Damery. Un psychologue doit arriver\u00a0\u00bb, d\u00e9taille, visiblement \u00e9mue, V\u00e9ronique Thiery, la secr\u00e9taire de l\u2019association.<\/p>\n<p>Face \u00e0 ce drame, apr\u00e8s quelques h\u00e9sitations, \u00ab\u00a0les motards ont d\u00e9cid\u00e9 de continuer l\u2019action ce dimanche\u00a0\u00bb, ajoute la pr\u00e9sidente, C\u00e9cile Thi\u00e9baux. Pour Christophe.<\/p>\n","protected":false},"excerpt":{"rendered":"C\u2019est un drame qui vient de toucher la communaut\u00e9 des motards qui participe tout ce week-end \u00e0 l\u2019op\u00e9ration&hellip;\n","protected":false},"author":2,"featured_media":892848,"comment_status":"","ping_status":"","sticky":false,"template":"","format":"standard","meta":{"footnotes":"","_share_on_mastodon":"0"},"categories":[4],"tags":[11,1011,27,12,25,95770,95771],"class_list":["post-892847","post","type-post","status-publish","format-standard","has-post-thumbnail","category-france","tag-actualites","tag-fr","tag-france","tag-news","tag-republique-francaise","tag-verneuil-marne","tag-vincelles-marne"],"share_on_mastodon":{"url":"https:\/\/pubeurope.com\/@fr\/116468181002567382","error":""},"_links":{"self":[{"href":"https:\/\/www.europesays.com\/fr\/wp-json\/wp\/v2\/posts\/892847","targetHints":{"allow":["GET"]}}],"collection":[{"href":"https:\/\/www.europesays.com\/fr\/wp-json\/wp\/v2\/posts"}],"about":[{"href":"https:\/\/www.europesays.com\/fr\/wp-json\/wp\/v2\/types\/post"}],"author":[{"embeddable":true,"href":"https:\/\/www.europesays.com\/fr\/wp-json\/wp\/v2\/users\/2"}],"replies":[{"embeddable":true,"href":"https:\/\/www.europesays.com\/fr\/wp-json\/wp\/v2\/comments?post=892847"}],"version-history":[{"count":0,"href":"https:\/\/www.europesays.com\/fr\/wp-json\/wp\/v2\/posts\/892847\/revisions"}],"wp:featuredmedia":[{"embeddable":true,"href":"https:\/\/www.europesays.com\/fr\/wp-json\/wp\/v2\/media\/892848"}],"wp:attachment":[{"href":"https:\/\/www.europesays.com\/fr\/wp-json\/wp\/v2\/media?parent=892847"}],"wp:term":[{"taxonomy":"category","embeddable":true,"href":"https:\/\/www.europesays.com\/fr\/wp-json\/wp\/v2\/categories?post=892847"},{"taxonomy":"post_tag","embeddable":true,"href":"https:\/\/www.europesays.com\/fr\/wp-json\/wp\/v2\/tags?post=892847"}],"curies":[{"name":"wp","href":"https:\/\/api.w.org\/{rel}","templated":true}]}}