{"id":89311,"date":"2025-05-10T12:13:10","date_gmt":"2025-05-10T12:13:10","guid":{"rendered":"https:\/\/www.europesays.com\/fr\/89311\/"},"modified":"2025-05-10T12:13:10","modified_gmt":"2025-05-10T12:13:10","slug":"14-personnes-arretees-pour-avoir-joue-de-la-musique","status":"publish","type":"post","link":"https:\/\/www.europesays.com\/fr\/89311\/","title":{"rendered":"14 personnes arr\u00eat\u00e9es pour avoir jou\u00e9 de la musique"},"content":{"rendered":"<p>Ces derni\u00e8res ann\u00e9es, de nombreux musiciens ont quitt\u00e9 le pays, notamment parce qu\u2019ils avaient perdu leur gagne-pain dans l\u2019un des pays les plus pauvres au monde.<\/p>\n<p class=\"fig-paragraph\">Les autorit\u00e9s talibanes ont arr\u00eat\u00e9 14 personnes pour avoir chant\u00e9 et jou\u00e9 des instruments de musique dans le nord de l&rsquo;Afghanistan, a indiqu\u00e9 samedi la police provinciale. Depuis son retour au pouvoir en 2021, le gouvernement taliban a multipli\u00e9 les lois pour imposer sa vision ultra-rigoriste de la loi islamique, bannissant par exemple la musique diffus\u00e9e en public (\u00e0 la t\u00e9l\u00e9vision, lors de concerts, en fond sonore dans des restaurants ou s&rsquo;\u00e9chappant des auto-radios des conducteurs).<\/p>\n<p class=\"fig-paragraph\">Jeudi soir, dans le chef-lieu de la province de Takhar, \u00ab14 individus (&#8230;) ont profit\u00e9 de l&rsquo;obscurit\u00e9 de la nuit pour se rassembler dans une maison o\u00f9 ils ont jou\u00e9 des instruments de musique et chant\u00e9 des chansons, causant un trouble \u00e0 l&rsquo;ordre public\u00bb, assure un communiqu\u00e9 de la police. Des enqu\u00eates ont \u00e9t\u00e9 ouvertes contre les personnes arr\u00eat\u00e9es, ajoute le texte.<\/p>\n<p class=\"fig-paragraph\">Apr\u00e8s avoir repris le pouvoir, les autorit\u00e9s talibanes ont fait fermer les \u00e9coles de musique et des instruments ont souvent \u00e9t\u00e9 fracass\u00e9s ou br\u00fbl\u00e9s, tout comme des haut-parleurs pour \u00e9viter la \u00abcorruption morale\u00bb et \u00abla d\u00e9viance de la jeunesse\u00bb. Les salles de mariage n&rsquo;ont plus le droit de passer de la musique, m\u00eame si elle souvent jou\u00e9e en secret c\u00f4t\u00e9 femmes, s\u00e9par\u00e9es de la partie hommes.<\/p>\n<p class=\"fig-paragraph\">Ces derni\u00e8res ann\u00e9es, de nombreux musiciens ont quitt\u00e9 le pays, notamment parce qu&rsquo;ils avaient perdu leur gagne-pain dans l&rsquo;un des pays les plus pauvres au monde. Les talibans ont encourag\u00e9 ceux qui restent \u00e0 se rabattre sur la d\u00e9clamation de chants religieux ou de po\u00e9sie, comme ils l&rsquo;avaient fait lors de leur pr\u00e9c\u00e9dent r\u00e8gne (1996-2001).<\/p>\n","protected":false},"excerpt":{"rendered":"Ces derni\u00e8res ann\u00e9es, de nombreux musiciens ont quitt\u00e9 le pays, notamment parce qu\u2019ils avaient perdu leur gagne-pain dans&hellip;\n","protected":false},"author":2,"featured_media":89312,"comment_status":"","ping_status":"","sticky":false,"template":"","format":"standard","meta":{"footnotes":""},"categories":[5],"tags":[259,11,260,598,1011,27,14,261,12,262,19982,28],"class_list":{"0":"post-89311","1":"post","2":"type-post","3":"status-publish","4":"format-standard","5":"has-post-thumbnail","7":"category-international","8":"tag-actualite-internationale","9":"tag-actualites","10":"tag-affaires-etrangeres","11":"tag-afghanistan","12":"tag-fr","13":"tag-france","14":"tag-international","15":"tag-ministere-des-affaires-etrangeres","16":"tag-news","17":"tag-politique-etrangere","18":"tag-talibans","19":"tag-world"},"share_on_mastodon":{"url":"https:\/\/pubeurope.com\/@fr\/114483482100965609","error":""},"_links":{"self":[{"href":"https:\/\/www.europesays.com\/fr\/wp-json\/wp\/v2\/posts\/89311","targetHints":{"allow":["GET"]}}],"collection":[{"href":"https:\/\/www.europesays.com\/fr\/wp-json\/wp\/v2\/posts"}],"about":[{"href":"https:\/\/www.europesays.com\/fr\/wp-json\/wp\/v2\/types\/post"}],"author":[{"embeddable":true,"href":"https:\/\/www.europesays.com\/fr\/wp-json\/wp\/v2\/users\/2"}],"replies":[{"embeddable":true,"href":"https:\/\/www.europesays.com\/fr\/wp-json\/wp\/v2\/comments?post=89311"}],"version-history":[{"count":0,"href":"https:\/\/www.europesays.com\/fr\/wp-json\/wp\/v2\/posts\/89311\/revisions"}],"wp:featuredmedia":[{"embeddable":true,"href":"https:\/\/www.europesays.com\/fr\/wp-json\/wp\/v2\/media\/89312"}],"wp:attachment":[{"href":"https:\/\/www.europesays.com\/fr\/wp-json\/wp\/v2\/media?parent=89311"}],"wp:term":[{"taxonomy":"category","embeddable":true,"href":"https:\/\/www.europesays.com\/fr\/wp-json\/wp\/v2\/categories?post=89311"},{"taxonomy":"post_tag","embeddable":true,"href":"https:\/\/www.europesays.com\/fr\/wp-json\/wp\/v2\/tags?post=89311"}],"curies":[{"name":"wp","href":"https:\/\/api.w.org\/{rel}","templated":true}]}}