{"id":89318,"date":"2025-05-10T12:17:15","date_gmt":"2025-05-10T12:17:15","guid":{"rendered":"https:\/\/www.europesays.com\/fr\/89318\/"},"modified":"2025-05-10T12:17:15","modified_gmt":"2025-05-10T12:17:15","slug":"saint-etienne-un-vigile-de-supermarche-agresse-trois-suspects-en-fuite","status":"publish","type":"post","link":"https:\/\/www.europesays.com\/fr\/89318\/","title":{"rendered":"Saint-\u00c9tienne : un vigile de supermarch\u00e9 agress\u00e9, trois suspects en fuite"},"content":{"rendered":"<p>Vendredi 9 mai, en fin d&rsquo;apr\u00e8s-midi, la police a mis en place un p\u00e9rim\u00e8tre de s\u00e9curit\u00e9 place Fourneyron, \u00e0 Saint-\u00c9tienne, \u00e0 la suite d&rsquo;une agression. Trois suspects sont en fuite. Une enqu\u00eate est en cours.<\/p>\n<p>Mais que s&rsquo;est-il pass\u00e9 vendredi 9 mai pr\u00e8s de la place Fourneyron \u00e0 <b>Saint-\u00c9tienne<\/b> ? Beaucoup de policiers ont \u00e9t\u00e9 d\u00e9ploy\u00e9s dans le secteur, en fin d&rsquo;apr\u00e8s-midi, et un p\u00e9rim\u00e8tre de s\u00e9curit\u00e9 a \u00e9t\u00e9 mis en place.<\/p>\n<p>Un vigile agress\u00e9, trois individus en fuite<\/p>\n<p>Selon <a class=\"url\" href=\"https:\/\/www.leprogres.fr\/faits-divers-justice\/2025\/05\/09\/le-vigile-d-un-supermarche-agresse-la-place-fourneyron-bouclee-par-les-forces-de-l-ordre\" target=\"_blank\" rel=\"noopener\">Le Progr\u00e8s<\/a>, <b>un vigile du magasin Lidl a \u00e9t\u00e9 agress\u00e9 par trois personnes<\/b>. Ses agresseurs sont parvenus \u00e0 s&rsquo;enfuir. Ils auraient essay\u00e9 de se cacher dans un b\u00e2timent voisin.<\/p>\n<p>Mais apr\u00e8s des fouilles, les forces de l&rsquo;ordre n&rsquo;ont pas r\u00e9ussi \u00e0 retrouver les trois suspects. Une enqu\u00eate est en cours pour leur mettre la main dessus.<\/p>\n<p><img loading=\"lazy\" decoding=\"async\" src=\"https:\/\/www.europesays.com\/fr\/wp-content\/uploads\/2025\/05\/1746879435_761_img\" width=\"350\" height=\"200\" border=\"0\" title=\"La maison d'arr\u00c3\u00aat de la Talaudi\u00c3\u00a8re\"\/><\/p>\n<p>\u25baFaits divers<\/p>\n<p style=\"font-size: 22px;\"><b>Cinq jeunes arr\u00eat\u00e9s vers la prison de La Talaudi\u00e8re, ils tentaient de projeter des objets\u2026 dont un kiwi<\/b><\/p>\n<p>Sc\u00e8ne insolite lundi 5 mai vers minuit aux abords&#8230;<\/p>\n<p><\/p>\n","protected":false},"excerpt":{"rendered":"Vendredi 9 mai, en fin d&rsquo;apr\u00e8s-midi, la police a mis en place un p\u00e9rim\u00e8tre de s\u00e9curit\u00e9 place Fourneyron,&hellip;\n","protected":false},"author":2,"featured_media":89319,"comment_status":"","ping_status":"","sticky":false,"template":"","format":"standard","meta":{"footnotes":""},"categories":[9653],"tags":[1111,11,1120,2430,1777,674,6017,1011,27,12,1072,25,9920,4001,19984],"class_list":{"0":"post-89318","1":"post","2":"type-post","3":"status-publish","4":"format-standard","5":"has-post-thumbnail","7":"category-saint-etienne","8":"tag-actu","9":"tag-actualites","10":"tag-agression","11":"tag-auvergne-rhone-alpes","12":"tag-eu","13":"tag-europe","14":"tag-fait-divers","15":"tag-fr","16":"tag-france","17":"tag-news","18":"tag-police","19":"tag-republique-francaise","20":"tag-saint-tienne","21":"tag-saint-etienne","22":"tag-vigile"},"share_on_mastodon":{"url":"https:\/\/pubeurope.com\/@fr\/114483497992239812","error":""},"_links":{"self":[{"href":"https:\/\/www.europesays.com\/fr\/wp-json\/wp\/v2\/posts\/89318","targetHints":{"allow":["GET"]}}],"collection":[{"href":"https:\/\/www.europesays.com\/fr\/wp-json\/wp\/v2\/posts"}],"about":[{"href":"https:\/\/www.europesays.com\/fr\/wp-json\/wp\/v2\/types\/post"}],"author":[{"embeddable":true,"href":"https:\/\/www.europesays.com\/fr\/wp-json\/wp\/v2\/users\/2"}],"replies":[{"embeddable":true,"href":"https:\/\/www.europesays.com\/fr\/wp-json\/wp\/v2\/comments?post=89318"}],"version-history":[{"count":0,"href":"https:\/\/www.europesays.com\/fr\/wp-json\/wp\/v2\/posts\/89318\/revisions"}],"wp:featuredmedia":[{"embeddable":true,"href":"https:\/\/www.europesays.com\/fr\/wp-json\/wp\/v2\/media\/89319"}],"wp:attachment":[{"href":"https:\/\/www.europesays.com\/fr\/wp-json\/wp\/v2\/media?parent=89318"}],"wp:term":[{"taxonomy":"category","embeddable":true,"href":"https:\/\/www.europesays.com\/fr\/wp-json\/wp\/v2\/categories?post=89318"},{"taxonomy":"post_tag","embeddable":true,"href":"https:\/\/www.europesays.com\/fr\/wp-json\/wp\/v2\/tags?post=89318"}],"curies":[{"name":"wp","href":"https:\/\/api.w.org\/{rel}","templated":true}]}}