{"id":89343,"date":"2025-05-10T12:33:09","date_gmt":"2025-05-10T12:33:09","guid":{"rendered":"https:\/\/www.europesays.com\/fr\/89343\/"},"modified":"2025-05-10T12:33:09","modified_gmt":"2025-05-10T12:33:09","slug":"nice-ce-grand-commissariat-de-police-va-se-transformer-ce-quil-pourrait-devenir","status":"publish","type":"post","link":"https:\/\/www.europesays.com\/fr\/89343\/","title":{"rendered":"Nice. Ce grand commissariat de police va se transformer : ce qu&rsquo;il pourrait devenir"},"content":{"rendered":"<p>            Par<br \/>\n        <strong><br \/>\n            <a href=\"https:\/\/actu.fr\/auteur\/manon-reinhardt\" title=\"Consulter tous les articles de Manon Reinhardt\" rel=\"nofollow noopener\" target=\"_blank\">Manon Reinhardt<\/a><br \/>\n        <\/strong><\/p>\n<p>        Publi\u00e9 le<\/p>\n<p>            9 mai 2025 \u00e0 14h56        <\/p>\n<p>Le projet n\u2019est pas nouveau\u2009: la caserne Auvare de la police nationale, dont les locaux sont tr\u00e8s v\u00e9tustes, doit \u00eatre r\u00e9am\u00e9nag\u00e9e \u00e0 <a href=\"https:\/\/actu.fr\/provence-alpes-cote-d-azur\/nice_06088\" rel=\"nofollow noopener\" target=\"_blank\">Nice<\/a> (<a href=\"https:\/\/actu.fr\/provence-alpes-cote-d-azur\/alpes-maritimes_06\" rel=\"nofollow noopener\" target=\"_blank\">Alpes-Maritimes<\/a>). Si les id\u00e9es ne manquent pas pour sa transformation, la municipalit\u00e9 a lanc\u00e9<strong> une consultation<\/strong> sur son devenir.<\/p>\n<p class=\" wall-content\">Un lieu d\u00e9di\u00e9 au sport serait privil\u00e9gi\u00e9. Voici les diff\u00e9rentes pistes pour ce site mythique.<\/p>\n<p>Un \u00ab\u2009grand p\u00f4le sportif urbain\u2009\u00bb\u2009?<\/p>\n<p class=\" wall-content\">\u00ab\u2009Et si la caserne Auvare devenait une grande salle omnisports\u2009?\u2009\u00bb La mairie de Nice vient de lancer une grande consultation publique concernant l\u2019avenir de la caserne Auvare qui, sans aucun doute, doit se refaire une beaut\u00e9.<\/p>\n<p class=\" wall-content\">Aujourd\u2019hui commissariat de la police nationale, il pourrait ainsi se transformer en un espace d\u00e9di\u00e9 <strong>exclusivement au sport<\/strong>. La caserne sera prochainement \u00ab\u2009lib\u00e9r\u00e9e\u2009\u00bb par les services qui devront d\u00e9m\u00e9nager dans <a href=\"https:\/\/actu.fr\/provence-alpes-cote-d-azur\/nice_06088\/emmanuel-macron-a-nice-qu-est-ce-que-l-hotel-des-polices-ce-dispositif-unique-en-france_47798703.html\" rel=\"nofollow noopener\" target=\"_blank\">le nouvel H\u00f4tel des polices<\/a> dont la livraison est pr\u00e9vue \u00e0 la fin de l\u2019ann\u00e9e.<\/p>\n<p class=\" wall-content\">Plusieurs pistes sont en tout cas \u00e0 l\u2019\u00e9tude, selon la municipalit\u00e9. Celle privil\u00e9gi\u00e9e est \u00ab\u2009la cr\u00e9ation d\u2019un grand p\u00f4le sportif urbain, ouvert \u00e0 toutes et \u00e0 tous\u2009\u00bb.<\/p>\n<p>Vid\u00e9os : en ce moment sur Actu<br \/>\n    <a href=\"https:\/\/www.google.com\/maps\/embed?pb=!4v1746793880327!6m8!1m7!1s2srP9EKB0GUp812a0fSzrA!2m2!1d43.71204454262111!2d7.288498358720156!3f309.4901787999048!4f-1.628532139578283!5f0.7820865974627469\" title=\"Ouvrie le lien\" rel=\"nofollow noopener\" target=\"_blank\">Cliquez ici pour visualiser le contenu<\/a><\/p>\n<p>Ce qu\u2019il pourrait contenir<\/p>\n<p class=\" wall-content\">Ce grand complexe pourrait ainsi inclure\u2009:<\/p>\n<ul class=\" wall-content\">\n<li>Une grande salle omnisports, avec tribunes, adapt\u00e9e \u00e0 l\u2019accueil de comp\u00e9titions de haut niveau.<\/li>\n<li>Une salle d\u00e9di\u00e9e aux associations sportives de quartier, pour leurs entra\u00eenements, ateliers ou stages, en soutien \u00e0 la vie locale et au dynamisme associatif.<\/li>\n<li>Un terrain ext\u00e9rieur polyvalent, en acc\u00e8s libre, pour permettre notamment aux plus jeunes de pratiquer le football et d\u2019autres sports collectifs.<\/li>\n<\/ul>\n<p>Jusqu\u2019au 31\u00a0ao\u00fbt<\/p>\n<p class=\" wall-content\">Le projet \u00ab\u2009vise \u00e0 renforcer l\u2019offre d\u2019\u00e9quipements sportifs \u00e0 Nice, au b\u00e9n\u00e9fice des habitants, des clubs et des \u00e9tablissements scolaires\u2009\u00bb.<\/p>\n<p class=\" wall-content\">Pour donner son avis, il suffit de se rendre sur le site internet <a href=\"https:\/\/jeparticipe.nice.fr\/processes\/devenirdelacaserneauvare\" rel=\"nofollow noopener\" target=\"_blank\">JeParticipe.Nice.fr<\/a>. Il faudra ensuite remplir <strong>un questionnaire en ligne<\/strong>. La consultation a d\u00e9but\u00e9 ce mardi 6\u00a0mai et se terminera le 31\u00a0ao\u00fbt prochain.<\/p>\n<p class=\" wall-content\">Suivez toute l\u2019actualit\u00e9 de vos villes et m\u00e9dias favoris en vous inscrivant \u00e0 <a href=\"https:\/\/moncompte.actu.fr\" title=\"D\u00e9couvez Mon Actu\" rel=\"nofollow noopener\" data-trk=\"{&quot;cta&quot;:{&quot;action&quot;:&quot;https:\\\/\\\/moncompte.actu.fr&quot;,&quot;category&quot;:&quot;mon compte&quot;,&quot;from&quot;:&quot;article footer&quot;,&quot;name&quot;:&quot;Mon actu&quot;,&quot;type&quot;:&quot;cta&quot;}}\" target=\"_blank\">Mon Actu<\/a>.<\/p>\n","protected":false},"excerpt":{"rendered":"Par Manon Reinhardt Publi\u00e9 le 9 mai 2025 \u00e0 14h56 Le projet n\u2019est pas nouveau\u2009: la caserne Auvare&hellip;\n","protected":false},"author":2,"featured_media":89344,"comment_status":"","ping_status":"","sticky":false,"template":"","format":"standard","meta":{"footnotes":""},"categories":[2819],"tags":[1111,11,1777,674,1011,27,12,2401,1072,882,25,104,1352],"class_list":{"0":"post-89343","1":"post","2":"type-post","3":"status-publish","4":"format-standard","5":"has-post-thumbnail","7":"category-nice","8":"tag-actu","9":"tag-actualites","10":"tag-eu","11":"tag-europe","12":"tag-fr","13":"tag-france","14":"tag-news","15":"tag-nice","16":"tag-police","17":"tag-provence-alpes-cote-dazur","18":"tag-republique-francaise","19":"tag-societe","20":"tag-urbanisme"},"share_on_mastodon":{"url":"https:\/\/pubeurope.com\/@fr\/114483560880521708","error":""},"_links":{"self":[{"href":"https:\/\/www.europesays.com\/fr\/wp-json\/wp\/v2\/posts\/89343","targetHints":{"allow":["GET"]}}],"collection":[{"href":"https:\/\/www.europesays.com\/fr\/wp-json\/wp\/v2\/posts"}],"about":[{"href":"https:\/\/www.europesays.com\/fr\/wp-json\/wp\/v2\/types\/post"}],"author":[{"embeddable":true,"href":"https:\/\/www.europesays.com\/fr\/wp-json\/wp\/v2\/users\/2"}],"replies":[{"embeddable":true,"href":"https:\/\/www.europesays.com\/fr\/wp-json\/wp\/v2\/comments?post=89343"}],"version-history":[{"count":0,"href":"https:\/\/www.europesays.com\/fr\/wp-json\/wp\/v2\/posts\/89343\/revisions"}],"wp:featuredmedia":[{"embeddable":true,"href":"https:\/\/www.europesays.com\/fr\/wp-json\/wp\/v2\/media\/89344"}],"wp:attachment":[{"href":"https:\/\/www.europesays.com\/fr\/wp-json\/wp\/v2\/media?parent=89343"}],"wp:term":[{"taxonomy":"category","embeddable":true,"href":"https:\/\/www.europesays.com\/fr\/wp-json\/wp\/v2\/categories?post=89343"},{"taxonomy":"post_tag","embeddable":true,"href":"https:\/\/www.europesays.com\/fr\/wp-json\/wp\/v2\/tags?post=89343"}],"curies":[{"name":"wp","href":"https:\/\/api.w.org\/{rel}","templated":true}]}}