{"id":89357,"date":"2025-05-10T12:40:13","date_gmt":"2025-05-10T12:40:13","guid":{"rendered":"https:\/\/www.europesays.com\/fr\/89357\/"},"modified":"2025-05-10T12:40:13","modified_gmt":"2025-05-10T12:40:13","slug":"ces-juges-ecolos-qui-oublient-linteret-general","status":"publish","type":"post","link":"https:\/\/www.europesays.com\/fr\/89357\/","title":{"rendered":"ces juges \u00e9colos qui oublient l\u2019int\u00e9r\u00eat g\u00e9n\u00e9ral"},"content":{"rendered":"<p><strong>CHRONIQUE &#8211;\u00a0<\/strong>L\u2019affaire de l\u2019autoroute Castres-Toulouse illustre \u00e0 la perfection les libert\u00e9s que s\u2019autorise le juge administratif.<\/p>\n<p class=\"fig-paragraph\">Le r\u00e9seau autoroutier fran\u00e7ais compte pr\u00e8s de 12.000 kilom\u00e8tres. Mais depuis 1994, on ne parvient pas \u00e0 achever 53 kilom\u00e8tres d\u2019autoroute entre Castres et Toulouse. Tout le monde s\u2019\u00e9tait pourtant prononc\u00e9 pour, la r\u00e9gion Occitanie (pr\u00e9sid\u00e9e par\u00a0<a href=\"https:\/\/www.lefigaro.fr\/politique\/carole-delga-ps-il-faut-batir-un-rassemblement-d-avenir-a-gauche-de-clementine-autain-a-pascal-canfin-20240421\" data-fig-type=\"Article\" data-gtm-custom-categorie=\"navigation\" data-gtm-custom-action=\"crossclick\" data-gtm-custom-label=\"Contextuel\" data-gtm-event=\"customEventSPE\" data-fig-domain=\"LEFIGARO\" target=\"_blank\" rel=\"noopener\">Carole Delga, PS<\/a>), le Tarn et la Haute-Garonne, les communaut\u00e9s d\u2019agglom\u00e9rations, ainsi que le\u00a0<a href=\"http:\/\/www.lefigaro.fr\/actualite-france\/on-ne-peut-tolerer-ses-propos-sur-le-territoire-francais-l-expulsion-de-l-influenceur-algerien-doualemn-devant-le-conseil-d-etat-20250403\" data-fig-type=\"Article\" data-gtm-custom-categorie=\"navigation\" data-gtm-custom-action=\"crossclick\" data-gtm-custom-label=\"Contextuel\" data-gtm-event=\"customEventSPE\" data-fig-domain=\"LEFIGARO\" target=\"_blank\" rel=\"noopener\">Conseil d\u2019\u00c9tat<\/a>,\u00a0<a href=\"http:\/\/www.lefigaro.fr\/vox\/politique\/s-il-suit-le-conseil-constitutionnel-le-tribunal-n-ordonnera-pas-l-execution-provisoire-de-l-ineligibilite-de-marine-le-pen-20250328\" data-fig-type=\"Article\" data-gtm-custom-categorie=\"navigation\" data-gtm-custom-action=\"crossclick\" data-gtm-custom-label=\"Contextuel\" data-gtm-event=\"customEventSPE\" data-fig-domain=\"LEFIGARO\" target=\"_blank\" rel=\"noopener\">le Conseil constitutionnel<\/a>, les ministres et pr\u00e9fets successifs. Depuis sept ans, l\u2019\u00c9tat n\u2019avait cess\u00e9 de r\u00e9affirmer son \u00ab attachement \u00e0 la r\u00e9alisation de cette infrastructure\u00a0\u00bb.<\/p>\n<p class=\"fig-paragraph\">Les financements r\u00e9unis, 50 % \u00c9tat, 50 % collectivit\u00e9s, les travaux avaient pu \u00eatre entrepris \u2013 une partie allait m\u00eame \u00eatre achev\u00e9e cet \u00e9t\u00e9 et l\u2019autre \u00e0 la fin de l\u2019ann\u00e9e\u00a0! Mais le 27 f\u00e9vrier dernier, trois jeunes juges du tribunal administratif de Toulouse, saisi par des \u00ab \u00e9colo-m\u00e9lenchonistes\u00a0\u00bb, prononcent l\u2019arr\u00eat du chantier. Au nom de la protection des grenouilles, des fleurs des champs et de la faune sauvage\u2026 Dix jours apr\u00e8s, 10.000 personnes\u2026<\/p>\n<p class=\"fig-premium-paywall__infos\">\n        Cet article est r\u00e9serv\u00e9 aux abonn\u00e9s.        Il vous reste 64% \u00e0 d\u00e9couvrir.\n    <\/p>\n<p>                <img  data- alt=\"Le Figaro\" class=\"fig-img--complete fig-img\"\/><\/p>\n<p class=\"fig-premium-paywall__title\">Je m&rsquo;informe, je m&rsquo;inspire, je m&rsquo;abonne.<\/p>\n<p class=\"fig-premium-paywall__subtitle\">D\u00e9couvrez notre offre de bienvenue.<\/p>\n<p class=\"fig-premium-paywall__connect\">\n                D\u00e9j\u00e0 abonn\u00e9\u00a0?                <a class=\"fig-premium-paywall__connect-link\" href=\"https:\/\/connect.lefigaro.fr\/login?client=horizon_web&amp;type=main&amp;redirect_uri=https%3A%2F%2Fwww.lefigaro.fr%2Fvox%2Fsociete%2Fautoroute-castres-toulouse-ces-juges-ecolos-qui-oublient-l-interet-general-20250510\" data-js-gtm=\"{&quot;customCategorie&quot;: &quot;conversion&quot;, &quot;customAction&quot;: &quot;before_Landing_Connexion_paywall_auto&quot;, &quot;customLabel&quot;: &quot;bGVmaWdhcm8uZnJfXzFmMDJjYmE1LWZkODEtNjU3YS1hZWUxLTU3MzJmNjUyZTAyZF9fQXJ0aWNsZQ==_Autoroute Castres-Toulouse\u00a0: ces juges \u00e9colos qui oublient l\u2019int\u00e9r\u00eat g\u00e9n\u00e9ral_461&quot;, &quot;customIDSPE&quot;: &quot;bGVmaWdhcm8uZnJfXzFmMDJjYmE1LWZkODEtNjU3YS1hZWUxLTU3MzJmNjUyZTAyZF9fQXJ0aWNsZQ==&quot;, &quot;event&quot;: &quot;customEventSPE&quot;}\" target=\"_blank\" rel=\"noopener\"><br \/>\n                    Connectez-vous<br \/>\n                <\/a>\n            <\/p>\n","protected":false},"excerpt":{"rendered":"CHRONIQUE &#8211;\u00a0L\u2019affaire de l\u2019autoroute Castres-Toulouse illustre \u00e0 la perfection les libert\u00e9s que s\u2019autorise le juge administratif. Le r\u00e9seau&hellip;\n","protected":false},"author":2,"featured_media":89358,"comment_status":"","ping_status":"","sticky":false,"template":"","format":"standard","meta":{"footnotes":""},"categories":[2816],"tags":[1111,11,6955,1428,1292,5361,5360,2339,1777,674,1429,1011,27,12,2680,1427,1426,25,104,2312],"class_list":{"0":"post-89357","1":"post","2":"type-post","3":"status-publish","4":"format-standard","5":"has-post-thumbnail","7":"category-toulouse","8":"tag-actu","9":"tag-actualites","10":"tag-autoroute","11":"tag-chroniqueurs","12":"tag-debat","13":"tag-debat-societe","14":"tag-debats-societaux","15":"tag-ecologistes","16":"tag-eu","17":"tag-europe","18":"tag-figarovox","19":"tag-fr","20":"tag-france","21":"tag-news","22":"tag-occitanie","23":"tag-opinions","24":"tag-questions","25":"tag-republique-francaise","26":"tag-societe","27":"tag-toulouse"},"share_on_mastodon":{"url":"https:\/\/pubeurope.com\/@fr\/114483588210788462","error":""},"_links":{"self":[{"href":"https:\/\/www.europesays.com\/fr\/wp-json\/wp\/v2\/posts\/89357","targetHints":{"allow":["GET"]}}],"collection":[{"href":"https:\/\/www.europesays.com\/fr\/wp-json\/wp\/v2\/posts"}],"about":[{"href":"https:\/\/www.europesays.com\/fr\/wp-json\/wp\/v2\/types\/post"}],"author":[{"embeddable":true,"href":"https:\/\/www.europesays.com\/fr\/wp-json\/wp\/v2\/users\/2"}],"replies":[{"embeddable":true,"href":"https:\/\/www.europesays.com\/fr\/wp-json\/wp\/v2\/comments?post=89357"}],"version-history":[{"count":0,"href":"https:\/\/www.europesays.com\/fr\/wp-json\/wp\/v2\/posts\/89357\/revisions"}],"wp:featuredmedia":[{"embeddable":true,"href":"https:\/\/www.europesays.com\/fr\/wp-json\/wp\/v2\/media\/89358"}],"wp:attachment":[{"href":"https:\/\/www.europesays.com\/fr\/wp-json\/wp\/v2\/media?parent=89357"}],"wp:term":[{"taxonomy":"category","embeddable":true,"href":"https:\/\/www.europesays.com\/fr\/wp-json\/wp\/v2\/categories?post=89357"},{"taxonomy":"post_tag","embeddable":true,"href":"https:\/\/www.europesays.com\/fr\/wp-json\/wp\/v2\/tags?post=89357"}],"curies":[{"name":"wp","href":"https:\/\/api.w.org\/{rel}","templated":true}]}}