{"id":89363,"date":"2025-05-10T12:43:13","date_gmt":"2025-05-10T12:43:13","guid":{"rendered":"https:\/\/www.europesays.com\/fr\/89363\/"},"modified":"2025-05-10T12:43:13","modified_gmt":"2025-05-10T12:43:13","slug":"en-armenie-le-maire-de-marseille-benoit-payan-prone-la-paix","status":"publish","type":"post","link":"https:\/\/www.europesays.com\/fr\/89363\/","title":{"rendered":"En Arm\u00e9nie, le maire de Marseille, Beno\u00eet Payan, pr\u00f4ne la paix"},"content":{"rendered":"<p class=\"rev-margin-0 rev-text-xs-normal\">\u00c0 la fronti\u00e8re avec l&rsquo;Azerba\u00efdjan, les enfants du village de Paryur Sevak, dont des r\u00e9fugi\u00e9s de la guerre du Haut-Karabakh de 2023, remettent des dessins \u00e0 Beno\u00eet Payan.<\/p>\n<p class=\"rev-margin-0 rev-text-xs-bold\">\/ Photo N.P.<\/p>\n<p>Un jumelage pour la paix. Le 5\u00a0mai, le maire (DVG) de Marseille Beno\u00eet Payan a officialis\u00e9 \u00e0 Erevan avec son homologue Tigran Avinyan le<a href=\"https:\/\/www.laprovence.com\/article\/region\/1337434688888715\/la-ville-de-marseille-est-desormais-jumelee-avec-erevan-la-capitale-armenienne\" target=\"_blank\" rel=\"noopener\"> jumelage<\/a> de sa ville avec la capitale de l\u2019Arm\u00e9nie. \u00ab\u00a0C\u2019est une vraie belle coop\u00e9ration, dans les deux sens, tr\u00e8s large, autour de la m\u00e9decine de ville, la sant\u00e9 hospitali\u00e8re, les services num\u00e9riques, le tourisme, la culture, l\u2019\u00e9ducation, l\u2019import-export,\u00a0etc.\u00a0\u00bb, se f\u00e9licite l\u2019\u00e9dile.<\/p>\n<p>Dans la droite ligne du gouvernement fran\u00e7ais, Marseille entend \u0153uvrer pour la paix et le maintien de la souverainet\u00e9 et de l\u2019int\u00e9grit\u00e9 de l\u2019Arm\u00e9nie, toujours sous la menace de son voisin az\u00e9ri. <a href=\"https:\/\/www.laprovence.com\/article\/region\/1564677119922515\/reportage-en-armenie-a-la-frontiere-avec-le-nakhitchevan-lexclave-de-lazerbaidjan\" target=\"_blank\" rel=\"noopener\">En Arm\u00e9nie du 2 au 5\u00a0mai, le maire et sa d\u00e9l\u00e9gation<\/a> ont longuement \u00e9chang\u00e9 avec le pr\u00e9sident de la R\u00e9publique d\u2019Arm\u00e9nie Vahagn Khatchatrian et le Premier ministre Nikol Pachinian. Beno\u00eet Payan s\u2019est aussi rendu avec l\u2019ambassadeur de France, Olivier Decottignies, \u00e0 Khachik et Paruyr Sevak, deux villages frontaliers de l\u2019Azerba\u00efdjan, o\u00f9 il a rencontr\u00e9 ses homologues arm\u00e9niens.<\/p>\n<p>\u00ab\u00a0Deux rencontres lourdes de sens\u00a0\u00bb, selon l\u2019ambassadeur, \u00e0 l\u2019heure o\u00f9 l\u2019Arm\u00e9nie et l\u2019Azerba\u00efdjan n\u2019ont toujours pas ratifi\u00e9 l\u2019accord de paix annonc\u00e9 le 13\u00a0mars et o\u00f9 Bakou ne cesse de faire monter les ench\u00e8res. \u00ab\u00a0Je me suis rendu \u00e0 la fronti\u00e8re avec l\u2019ambassadeur de France pour que le pr\u00e9sident az\u00e9ri Ilham Aliyev sache que la France est partout en Arm\u00e9nie et n\u2019abandonne pas ce pays fr\u00e8re.\u00a0\u00bb<\/p>\n<p>Le maire a par ailleurs rencontr\u00e9 en priv\u00e9 l\u2019\u00e9pouse d\u2019Arayik Harutyunyan, l\u2019ancien pr\u00e9sident de la r\u00e9publique du Haut-Karabakh (2020-2023). Captur\u00e9 apr\u00e8s l\u2019attaque \u00e9clair de l\u2019Azerba\u00efdjan en septembre\u00a02023, ce dernier comparait actuellement devant un tribunal militaire \u00e0 Bakou et risque la prison \u00e0 vie.<\/p>\n<p>\u00c0 lire dans La Semaine politique :<\/p>\n<p>&#8211; Dans le livre \u00ab\u00a0La Meute\u00a0\u00bb, ses anciens alli\u00e9s marseillais critiquent aussi Jean-Luc M\u00e9lenchon<\/p>\n<p>&#8211; Laure-Agn\u00e8s Caradec, pr\u00e9sidente de la f\u00e9d\u00e9ration LR des Bouches-du-Rh\u00f4ne : \u00ab\u00a0Il y a un effet Retailleau\u00a0\u00bb<\/p>\n<p>&#8211; F1 au Castellet : la gestion de Christian Estrosi \u00e9pingl\u00e9e par la Chambre r\u00e9gionale des comptes<\/p>\n<p><img alt=\"\" loading=\"lazy\" width=\"18\" height=\"18\" decoding=\"async\" data-nimg=\"1\" class=\"mx-[8px]\" style=\"color:transparent\" src=\"https:\/\/www.europesays.com\/fr\/wp-content\/uploads\/2025\/04\/comment.b95dda91.svg.svg+xml\"\/>D\u00e9marrez la conversation<\/p>\n<p class=\"text-[1.8rem] mt-[32px]\">Votre opinion compte pour nous. Rejoignez la communaut\u00e9 laprovence.com en r\u00e9agissant sur l&rsquo;article En Arm\u00e9nie, le maire de Marseille, Beno\u00eet Payan, pr\u00f4ne la paix.<\/p>\n","protected":false},"excerpt":{"rendered":"\u00c0 la fronti\u00e8re avec l&rsquo;Azerba\u00efdjan, les enfants du village de Paryur Sevak, dont des r\u00e9fugi\u00e9s de la guerre&hellip;\n","protected":false},"author":2,"featured_media":89364,"comment_status":"","ping_status":"","sticky":false,"template":"","format":"standard","meta":{"footnotes":""},"categories":[2814],"tags":[17,1111,11,5950,16980,1777,674,1011,27,5107,884,12,2403,19988,19989,882,16,25],"class_list":{"0":"post-89363","1":"post","2":"type-post","3":"status-publish","4":"format-standard","5":"has-post-thumbnail","7":"category-marseille","8":"tag-17","9":"tag-actu","10":"tag-actualites","11":"tag-armenie","12":"tag-benoit","13":"tag-eu","14":"tag-europe","15":"tag-fr","16":"tag-france","17":"tag-maire","18":"tag-marseille","19":"tag-news","20":"tag-paix","21":"tag-payan","22":"tag-prone","23":"tag-provence-alpes-cote-dazur","24":"tag-region","25":"tag-republique-francaise"},"share_on_mastodon":{"url":"https:\/\/pubeurope.com\/@fr\/114483600122665792","error":""},"_links":{"self":[{"href":"https:\/\/www.europesays.com\/fr\/wp-json\/wp\/v2\/posts\/89363","targetHints":{"allow":["GET"]}}],"collection":[{"href":"https:\/\/www.europesays.com\/fr\/wp-json\/wp\/v2\/posts"}],"about":[{"href":"https:\/\/www.europesays.com\/fr\/wp-json\/wp\/v2\/types\/post"}],"author":[{"embeddable":true,"href":"https:\/\/www.europesays.com\/fr\/wp-json\/wp\/v2\/users\/2"}],"replies":[{"embeddable":true,"href":"https:\/\/www.europesays.com\/fr\/wp-json\/wp\/v2\/comments?post=89363"}],"version-history":[{"count":0,"href":"https:\/\/www.europesays.com\/fr\/wp-json\/wp\/v2\/posts\/89363\/revisions"}],"wp:featuredmedia":[{"embeddable":true,"href":"https:\/\/www.europesays.com\/fr\/wp-json\/wp\/v2\/media\/89364"}],"wp:attachment":[{"href":"https:\/\/www.europesays.com\/fr\/wp-json\/wp\/v2\/media?parent=89363"}],"wp:term":[{"taxonomy":"category","embeddable":true,"href":"https:\/\/www.europesays.com\/fr\/wp-json\/wp\/v2\/categories?post=89363"},{"taxonomy":"post_tag","embeddable":true,"href":"https:\/\/www.europesays.com\/fr\/wp-json\/wp\/v2\/tags?post=89363"}],"curies":[{"name":"wp","href":"https:\/\/api.w.org\/{rel}","templated":true}]}}