{"id":89371,"date":"2025-05-10T12:47:33","date_gmt":"2025-05-10T12:47:33","guid":{"rendered":"https:\/\/www.europesays.com\/fr\/89371\/"},"modified":"2025-05-10T12:47:33","modified_gmt":"2025-05-10T12:47:33","slug":"ce-festival-lgbtq-accuse-dantisemitisme-ne-sera-plus-subventionne-par-la-region-ile-de-france","status":"publish","type":"post","link":"https:\/\/www.europesays.com\/fr\/89371\/","title":{"rendered":"Ce festival LGBTQ+, accus\u00e9 d\u2019antis\u00e9mitisme, ne sera plus subventionn\u00e9 par la r\u00e9gion \u00cele de France"},"content":{"rendered":"<p>\tCe festival LGBTQ+, accus\u00e9 d\u2019antis\u00e9mitisme, ne sera plus subventionn\u00e9 par la r\u00e9gion \u00cele de France &#8211; Valeurs actuelles<\/p>\n<p><a href=\"https:\/\/www.valeursactuelles.com\/\" target=\"_blank\" rel=\"noopener\">Accueil<\/a> \u00bb <a href=\"https:\/\/www.valeursactuelles.com\/societe\" target=\"_blank\" rel=\"noopener\">Soci\u00e9t\u00e9<\/a> \u00bb Ce festival LGBTQ+, accus\u00e9 d\u2019antis\u00e9mitisme, ne sera plus subventionn\u00e9 par la r\u00e9gion \u00cele de France<\/p>\n","protected":false},"excerpt":{"rendered":"Ce festival LGBTQ+, accus\u00e9 d\u2019antis\u00e9mitisme, ne sera plus subventionn\u00e9 par la r\u00e9gion \u00cele de France &#8211; Valeurs actuelles&hellip;\n","protected":false},"author":2,"featured_media":89372,"comment_status":"","ping_status":"","sticky":false,"template":"","format":"standard","meta":{"footnotes":""},"categories":[1592],"tags":[1111,11,6155,1777,674,849,1011,27,662,9087,12,626,25],"class_list":{"0":"post-89371","1":"post","2":"type-post","3":"status-publish","4":"format-standard","5":"has-post-thumbnail","7":"category-ile-de-france","8":"tag-actu","9":"tag-actualites","10":"tag-antisemitisme","11":"tag-eu","12":"tag-europe","13":"tag-festival","14":"tag-fr","15":"tag-france","16":"tag-ile-de-france","17":"tag-lgbt","18":"tag-news","19":"tag-paris","20":"tag-republique-francaise"},"share_on_mastodon":{"url":"https:\/\/pubeurope.com\/@fr\/114483615673709202","error":""},"_links":{"self":[{"href":"https:\/\/www.europesays.com\/fr\/wp-json\/wp\/v2\/posts\/89371","targetHints":{"allow":["GET"]}}],"collection":[{"href":"https:\/\/www.europesays.com\/fr\/wp-json\/wp\/v2\/posts"}],"about":[{"href":"https:\/\/www.europesays.com\/fr\/wp-json\/wp\/v2\/types\/post"}],"author":[{"embeddable":true,"href":"https:\/\/www.europesays.com\/fr\/wp-json\/wp\/v2\/users\/2"}],"replies":[{"embeddable":true,"href":"https:\/\/www.europesays.com\/fr\/wp-json\/wp\/v2\/comments?post=89371"}],"version-history":[{"count":0,"href":"https:\/\/www.europesays.com\/fr\/wp-json\/wp\/v2\/posts\/89371\/revisions"}],"wp:featuredmedia":[{"embeddable":true,"href":"https:\/\/www.europesays.com\/fr\/wp-json\/wp\/v2\/media\/89372"}],"wp:attachment":[{"href":"https:\/\/www.europesays.com\/fr\/wp-json\/wp\/v2\/media?parent=89371"}],"wp:term":[{"taxonomy":"category","embeddable":true,"href":"https:\/\/www.europesays.com\/fr\/wp-json\/wp\/v2\/categories?post=89371"},{"taxonomy":"post_tag","embeddable":true,"href":"https:\/\/www.europesays.com\/fr\/wp-json\/wp\/v2\/tags?post=89371"}],"curies":[{"name":"wp","href":"https:\/\/api.w.org\/{rel}","templated":true}]}}