{"id":89399,"date":"2025-05-10T13:02:10","date_gmt":"2025-05-10T13:02:10","guid":{"rendered":"https:\/\/www.europesays.com\/fr\/89399\/"},"modified":"2025-05-10T13:02:10","modified_gmt":"2025-05-10T13:02:10","slug":"lutte-antidrogue-en-france-une-loi-propose-de-controler-les-ports-de-plaisance","status":"publish","type":"post","link":"https:\/\/www.europesays.com\/fr\/89399\/","title":{"rendered":"Lutte antidrogue en France: une loi propose de contr\u00f4ler les ports de plaisance"},"content":{"rendered":"<p class=\"t-content__chapo\">\n                                                L\u2019accent des autres, l\u2019actualit\u00e9 hebdomadaire des m\u00e9dias partenaires francophones publics, c\u2019est avec RFI, Radio Canada, la radiot\u00e9l\u00e9vision suisse, la RTBF et Ici. Pr\u00e8s de 60 hooligans de l\u2019\u00e9quipe de Bruges ont \u00e9t\u00e9 interpell\u00e9s apr\u00e8s des violences le week-end dernier \u00e0 Bruxelles, en marge de la finale de Belgique de football. Pour mieux lutter contre le narcotrafic en France, une loi propose de contr\u00f4ler les ports de plaisance, des endroits pris\u00e9s par les trafiquants. Au Niger, le g\u00e9ant fran\u00e7ais de l\u2019uranium, Orano, ex-Areva, a des ennuis avec les autorit\u00e9s locales. Aux \u00c9tats-Unis, Donald Trump a \u00e9chang\u00e9 cette semaine le Premier ministre canadien Mark Carney. En Suisse, les parents qui exercent une activit\u00e9 lucrative devraient b\u00e9n\u00e9ficier d\u2019un soutien plus important, quand ils placent leurs enfants pour aller travailler.                    <\/p>\n<p>        <img decoding=\"async\" fetchpriority=\"low\" src=\"https:\/\/www.europesays.com\/fr\/wp-content\/uploads\/2025\/05\/Le port de plaisance de Port-la-For\u00eat.jpg\" alt=\"Le port de plaisance de Port-la-For\u00eat en France. (Image d'illustration).\"   width=\"980\" height=\"551\" loading=\"eager\" class=\"m-figure__img lazy\"\/><\/p>\n<p>                Le port de plaisance de Port-la-For\u00eat en France. (Image d&rsquo;illustration).                \u00a9 commons-wikimedia.org            <\/p>\n","protected":false},"excerpt":{"rendered":"L\u2019accent des autres, l\u2019actualit\u00e9 hebdomadaire des m\u00e9dias partenaires francophones publics, c\u2019est avec RFI, Radio Canada, la radiot\u00e9l\u00e9vision suisse,&hellip;\n","protected":false},"author":2,"featured_media":89400,"comment_status":"","ping_status":"","sticky":false,"template":"","format":"standard","meta":{"footnotes":""},"categories":[4],"tags":[11,828,574,1052,1011,27,19994,74,12,19995,25,3067],"class_list":{"0":"post-89399","1":"post","2":"type-post","3":"status-publish","4":"format-standard","5":"has-post-thumbnail","7":"category-france","8":"tag-actualites","9":"tag-belgique","10":"tag-canada","11":"tag-drogue","12":"tag-fr","13":"tag-france","14":"tag-laccent-des-autres","15":"tag-monde","16":"tag-news","17":"tag-niger","18":"tag-republique-francaise","19":"tag-suisse"},"share_on_mastodon":{"url":"https:\/\/pubeurope.com\/@fr\/114483675017821822","error":""},"_links":{"self":[{"href":"https:\/\/www.europesays.com\/fr\/wp-json\/wp\/v2\/posts\/89399","targetHints":{"allow":["GET"]}}],"collection":[{"href":"https:\/\/www.europesays.com\/fr\/wp-json\/wp\/v2\/posts"}],"about":[{"href":"https:\/\/www.europesays.com\/fr\/wp-json\/wp\/v2\/types\/post"}],"author":[{"embeddable":true,"href":"https:\/\/www.europesays.com\/fr\/wp-json\/wp\/v2\/users\/2"}],"replies":[{"embeddable":true,"href":"https:\/\/www.europesays.com\/fr\/wp-json\/wp\/v2\/comments?post=89399"}],"version-history":[{"count":0,"href":"https:\/\/www.europesays.com\/fr\/wp-json\/wp\/v2\/posts\/89399\/revisions"}],"wp:featuredmedia":[{"embeddable":true,"href":"https:\/\/www.europesays.com\/fr\/wp-json\/wp\/v2\/media\/89400"}],"wp:attachment":[{"href":"https:\/\/www.europesays.com\/fr\/wp-json\/wp\/v2\/media?parent=89399"}],"wp:term":[{"taxonomy":"category","embeddable":true,"href":"https:\/\/www.europesays.com\/fr\/wp-json\/wp\/v2\/categories?post=89399"},{"taxonomy":"post_tag","embeddable":true,"href":"https:\/\/www.europesays.com\/fr\/wp-json\/wp\/v2\/tags?post=89399"}],"curies":[{"name":"wp","href":"https:\/\/api.w.org\/{rel}","templated":true}]}}