{"id":894102,"date":"2026-04-26T16:28:17","date_gmt":"2026-04-26T16:28:17","guid":{"rendered":"https:\/\/www.europesays.com\/fr\/894102\/"},"modified":"2026-04-26T16:28:17","modified_gmt":"2026-04-26T16:28:17","slug":"les-notes-de-lorient-strasbourg-la-resistance-de-penders-le-sursaut-de-nanasi","status":"publish","type":"post","link":"https:\/\/www.europesays.com\/fr\/894102\/","title":{"rendered":"Les notes de\u00a0Lorient-Strasbourg\u00a0: la r\u00e9sistance de Penders, le sursaut de Nanasi"},"content":{"rendered":"<p>Les notes de\u00a0Lorient-Strasbourg\u00a0: la r\u00e9sistance de Penders, le sursaut de Nanasi<\/p>\n<p>Men\u00e9 de deux buts \u00e0 la pause, Strasbourg a renvers\u00e9 Lorient au Moustoir (3-2), ce dimanche, au bout du temps additionnel. D\u00e9cisif dans son but, Mike Penders a maintenu les siens en vie, avant que Sebastian Nanasi, peu en vue jusque-l\u00e0, ne fasse basculer la rencontre en \u00e9tant impliqu\u00e9 sur les trois buts du Racing.<\/p>\n","protected":false},"excerpt":{"rendered":"Les notes de\u00a0Lorient-Strasbourg\u00a0: la r\u00e9sistance de Penders, le sursaut de Nanasi Men\u00e9 de deux buts \u00e0 la pause,&hellip;\n","protected":false},"author":2,"featured_media":894104,"comment_status":"","ping_status":"","sticky":false,"template":"","format":"standard","meta":{"footnotes":"","_share_on_mastodon":"0"},"categories":[2820],"tags":[1111,11,89429,1777,674,63,1011,27,775,66,43087,1781,95714,87280,12,86837,25,88690,23077,640,4465],"class_list":["post-894102","post","type-post","status-publish","format-standard","has-post-thumbnail","category-strasbourg","tag-actu","tag-actualites","tag-equipes-types","tag-eu","tag-europe","tag-football","tag-fr","tag-france","tag-grand-est","tag-ligue-1","tag-listes","tag-lorient","tag-lorient-strasbourg","tag-luc-hagege","tag-news","tag-payant","tag-republique-francaise","tag-retour-31e-journe","tag-saison-2025-2026","tag-strasbourg","tag-tops"],"share_on_mastodon":{"url":"https:\/\/pubeurope.com\/@fr\/116471956028926081","error":""},"_links":{"self":[{"href":"https:\/\/www.europesays.com\/fr\/wp-json\/wp\/v2\/posts\/894102","targetHints":{"allow":["GET"]}}],"collection":[{"href":"https:\/\/www.europesays.com\/fr\/wp-json\/wp\/v2\/posts"}],"about":[{"href":"https:\/\/www.europesays.com\/fr\/wp-json\/wp\/v2\/types\/post"}],"author":[{"embeddable":true,"href":"https:\/\/www.europesays.com\/fr\/wp-json\/wp\/v2\/users\/2"}],"replies":[{"embeddable":true,"href":"https:\/\/www.europesays.com\/fr\/wp-json\/wp\/v2\/comments?post=894102"}],"version-history":[{"count":0,"href":"https:\/\/www.europesays.com\/fr\/wp-json\/wp\/v2\/posts\/894102\/revisions"}],"wp:featuredmedia":[{"embeddable":true,"href":"https:\/\/www.europesays.com\/fr\/wp-json\/wp\/v2\/media\/894104"}],"wp:attachment":[{"href":"https:\/\/www.europesays.com\/fr\/wp-json\/wp\/v2\/media?parent=894102"}],"wp:term":[{"taxonomy":"category","embeddable":true,"href":"https:\/\/www.europesays.com\/fr\/wp-json\/wp\/v2\/categories?post=894102"},{"taxonomy":"post_tag","embeddable":true,"href":"https:\/\/www.europesays.com\/fr\/wp-json\/wp\/v2\/tags?post=894102"}],"curies":[{"name":"wp","href":"https:\/\/api.w.org\/{rel}","templated":true}]}}