{"id":894112,"date":"2026-04-26T16:36:14","date_gmt":"2026-04-26T16:36:14","guid":{"rendered":"https:\/\/www.europesays.com\/fr\/894112\/"},"modified":"2026-04-26T16:36:14","modified_gmt":"2026-04-26T16:36:14","slug":"le-berger-moise-et-ses-330-brebis-de-retour-pres-de-toulouse-ou-voir-la-transhumance","status":"publish","type":"post","link":"https:\/\/www.europesays.com\/fr\/894112\/","title":{"rendered":"Le berger Mo\u00efse et ses 330 brebis de retour pr\u00e8s de Toulouse : o\u00f9 voir la transhumance\u00a0?"},"content":{"rendered":"<p>                    Par<br \/>\n        <strong><br \/>\n            <a href=\"https:\/\/actu.fr\/auteur\/guillaume-laurens\" title=\"Consulter tous les articles de Guillaume Laurens\" rel=\"nofollow noopener\" target=\"_blank\">Guillaume Laurens<\/a><br \/>\n                    <\/strong><\/p>\n<p>        Publi\u00e9 le<\/p>\n<p>            26 avr. 2026 \u00e0 18h02        <\/p>\n<p>C\u2019est l\u2019un des grands \u00e9v\u00e9nements du printemps dans l\u2019agglom\u00e9ration de <a href=\"https:\/\/actu.fr\/toulouse\/\" rel=\"nofollow noopener\" target=\"_blank\"><strong>Toulouse<\/strong>\u2009<\/a>: le retour de Mo\u00efse, le berger originaire de <a href=\"https:\/\/actu.fr\/occitanie\/bourg-d-oueil_31081\" rel=\"nofollow noopener\" target=\"_blank\"><strong>Bourg d\u2019Oueil<\/strong><\/a> (Haute-Garonne) guidant ses 330 brebis \u00e0 travers les communes du nord de la m\u00e9tropole. Un rendez-vous \u00e0 ne pas manquer, dimanche 3\u00a0mai 2026.<\/p>\n<p>La 9e \u00e9dition de la Grande Transhumance<\/p>\n<p class=\" wall-content\">C\u2019est d\u00e9j\u00e0 la<strong> 9e \u00e9dition<\/strong> de l\u2019\u00e9v\u00e9nement. Et comme chaque ann\u00e9e, <strong>S\u00e9bastien Natale<\/strong>, plus connu sous son surnom de \u00ab\u2009Mo\u00efse\u2009\u00bb, va conduire son troupeau de 330 brebis tarasconnaises de <strong>Villeneuve-l\u00e8s-Bouloc<\/strong> (D\u00e9part du cimeti\u00e8re) \u00e0 <strong>Launaguet<\/strong> (parc du ch\u00e2teau), \u00e0 l\u2019occasion de cette <strong>\u00ab\u2009Grande Transhumance\u2009\u00bb.<\/strong><\/p>\n<p>Les vertus de l\u2019\u00e9cop\u00e2turage<\/p>\n<p class=\" wall-content\">Depuis 2017, les communes de Bouloc et Launaguet ont mis en place, avec le concours du Conseil d\u00e9partemental de la Haute-Garonne, cette <strong>op\u00e9ration d\u2019\u00e9cop\u00e2turage<\/strong>. D\u2019autres communes ont depuis rejoint l\u2019initiative. Une op\u00e9ration qui est destin\u00e9e \u00e0 <strong>valoriser des terrains en friche<\/strong>, \u00e0 <strong>lutter contre la d\u00e9prise agricole<\/strong> (anciens terrains agricoles non entretenus), mais aussi \u00e0 <strong>soutenir les producteurs<\/strong>, tout en pr\u00e9servant la qualit\u00e9 de l\u2019environnement et des paysages ruraux.<\/p>\n<p class=\" wall-content\">\u00ab\u2009Gr\u00e2ce \u00e0 ce projet, le berger itin\u00e9rant, Mo\u00efse, qui ne poss\u00e8de pas de terres en propre, a pu <strong>faire \u00e9voluer son troupeau<\/strong> de <strong>180 \u00e0 400 brebis\u2009\u00bb,<\/strong> fait valoir le Conseil d\u00e9partemental de la Haute-Garonne.<\/p>\n<p>17\u00a0km et sept communes travers\u00e9es<\/p>\n<p class=\" wall-content\">Depuis le 3\u00a0mars 2026, Mo\u00efse et son troupeau sont de retour \u00e0 <strong>Launaguet<\/strong>, o\u00f9 ils sont arriv\u00e9s en provenance de Bourg d\u2019Oueil, tout au sud de la Haute-Garonne, dans le Comminges. Le 3\u00a0avril, le cheptel a \u00e9t\u00e9 transport\u00e9 jusqu\u2019\u00e0 la commune de <strong>Bouloc<\/strong> o\u00f9 les brebis ont \u00e9t\u00e9 tondues deux jours plus tard.<\/p>\n<p class=\" wall-content\">Dimanche 3\u00a0mai 2026, le troupeau partira de la commune de <strong>Villeneuve-les-Bouloc<\/strong> pour rejoindre <strong>Launaguet<\/strong> sur le m\u00eame trac\u00e9 de <strong>17 kilom\u00e8tres,<\/strong> traversant <strong>sept\u00a0communes<\/strong>, avec <strong>deux \u00e9tapes d\u2019arr\u00eat<\/strong> pour permettre au public de profiter du troupeau et de rejoindre la marche \u00e0 diff\u00e9rents endroits.<\/p>\n<p>O\u00f9 et quand voir le passage de la transhumance\u2009?<\/p>\n<ul class=\" wall-content\">\n<li>6\u00a0heures\u2009: d\u00e9part chemin de P\u00e9chuscla, <strong>Villeneuve-l\u00e8s-Bouloc<\/strong> \u2013 Parking cimeti\u00e8re ou autour de la mairie de Villeneuve-l\u00e8s-Bouloc<\/li>\n<li>vers 7\u00a0heures\u2009: <strong>Gargas<\/strong> (P1) \u2013 Parking du cimeti\u00e8re de Gargas (ne pas stationner le long de la voie) \/ RDV sur le chemin rural<\/li>\n<li>vers 8\u00a0heures\u2009: <strong>Labastide-Saint-Sernin<\/strong> (P2) \u2013 Stade de Labastide-Saint-Sernin \u2013 <strong>Point d\u2019arr\u00eat pour le public<\/strong><\/li>\n<li>vers 9h15\u2009: <strong>Montberon<\/strong> (P3) \u2022 Parking de l\u2019\u00e9glise<\/li>\n<li>\u2013 vers 10\u00a0heures\u2009: <strong>Saint-Loup-Cammas<\/strong> (P4) \u2022 Parking du city-park \u2013 Parking possible avant 9h30 \u2013<strong> Point d\u2019arr\u00eat pour le public<\/strong><\/li>\n<li>\u00e0 partir de 11\u00a0heures\u2009: arriv\u00e9e \u00e0 <strong>Launaguet<\/strong> \u2022 Parc du ch\u00e2teau<\/li>\n<\/ul>\n<p class=\" wall-content\">Les organisateurs demandent \u00ab\u2009d\u2019arriver sur ces lieux <strong>une demi-heure avant l\u2019horaire indique\u0301\u00bb,<\/strong> pour ne pas perturber le passage du troupeau.<\/p>\n<blockquote class=\"ac-article-quote wall-content\">\n<p>Pour le bon d\u00e9roulement de la transhumance, ne pas d\u00e9passer le troupeau, ne pas toucher les animaux (des points d&rsquo;arr\u00eats sont pr\u00e9vus \u00e0 cet effet), ne pas emmener son chien (seuls les chiens tenus en laisse seront tol\u00e9r\u00e9s).<\/p>\n<p>    <strong>Le Conseil d\u00e9partemental de la Haute-Garonne<\/strong>\n            <\/p><\/blockquote>\n<p>De nombreuses animations sont pr\u00e9vues<\/p>\n<p class=\" wall-content\">Diverses <strong>animations<\/strong> sont pr\u00e9vues tout au long du parcours toute la journ\u00e9e.\u00a0D\u00e8s l\u2019arriv\u00e9e du troupeau, un <strong>moment festif<\/strong> sera propos\u00e9 dans le parc du ch\u00e2teau de Launaguet, avec la possibilit\u00e9 <strong>d\u2019acheter des produits locaux<\/strong> de qualit\u00e9 au village gourmand install\u00e9 pour l\u2019occasion.\u00a0Y seront repr\u00e9sent\u00e9es les fili\u00e8res de qualit\u00e9 du d\u00e9partement (Label Rouge S\u00e9lection des Bergers et l\u2019IGP Agneau des Pyr\u00e9n\u00e9es, AOP Porc Noir de Bigorre, AOP Vins de Fronton, Label Rouge Gasconne des Pyr\u00e9n\u00e9es)<\/p>\n<p class=\" wall-content\">\u00c9galement au programme\u2009: d\u00e9monstration de <strong>filage de laine<\/strong>, fresque participative \u00ab\u2009Dessine-moi un mouton\u2009\u00bb, <strong>jeux en bois,<\/strong> <strong>musiques<\/strong> et danses traditionnelles, pr\u00e9sentation de la <strong>fili\u00e8re des chevaux<\/strong> castillonais et escargoline.<\/p>\n<p>Au fait, c&rsquo;est quoi, une transhumance ?<\/p>\n<p>La transhumance, qui est un d\u00e9placement saisonnier de troupeau, est inscrite au Patrimoine Culturel Immat\u00e9riel de l&rsquo;Unesco depuis 2023 \u00e0 l&rsquo;initiative de la France. <br \/>Dans les Pyr\u00e9n\u00e9es, l&rsquo;\u00e9t\u00e9, les troupeaux p\u00e2turent en montagne une herbe saine et naturelle, et l&rsquo;hiver, les brebis sont \u00e0 la bergerie, nourries de foin r\u00e9colt\u00e9 sur les exploitations.<br \/>Pratique ancestrale, la transhumance d\u00e9coule en effet d\u2019une connaissance approfondie de l\u2019environnement et implique des pratiques sociales et des rituels relatifs aux soins, \u00e0 l\u2019\u00e9levage et au dressage des animaux ainsi qu\u2019\u00e0 la gestion des ressources naturelles. Pour le Conseil d\u00e9partemental de la Haute-Garonne, \u00ab\u00a0la transhumance contribue \u00e0 l\u2019inclusion sociale, au renforcement de l\u2019identit\u00e9 culturelle et des liens entre les familles, les communaut\u00e9s et les territoires, tout en contrant les effets de l\u2019exode rural\u00a0\u00bb.<\/p>\n<p class=\" wall-content\">Personnalisez votre actualit\u00e9 en ajoutant vos villes et m\u00e9dias en favori avec <a href=\"https:\/\/moncompte.actu.fr\" title=\"D\u00e9couvez Mon Actu\" rel=\"nofollow noopener\" data-trk=\"{&quot;cta&quot;:{&quot;action&quot;:&quot;https:\\\/\\\/moncompte.actu.fr&quot;,&quot;category&quot;:&quot;mon compte&quot;,&quot;from&quot;:&quot;article footer&quot;,&quot;name&quot;:&quot;Mon actu&quot;,&quot;type&quot;:&quot;cta&quot;}}\" target=\"_blank\">Mon Actu<\/a>.<\/p>\n","protected":false},"excerpt":{"rendered":"Par Guillaume Laurens Publi\u00e9 le 26 avr. 2026 \u00e0 18h02 C\u2019est l\u2019un des grands \u00e9v\u00e9nements du printemps dans&hellip;\n","protected":false},"author":2,"featured_media":894113,"comment_status":"","ping_status":"","sticky":false,"template":"","format":"standard","meta":{"footnotes":"","_share_on_mastodon":"0"},"categories":[2816],"tags":[1111,11,327,1867,1777,674,1011,27,1652,12,2680,2723,25,2312],"class_list":["post-894112","post","type-post","status-publish","format-standard","has-post-thumbnail","category-toulouse","tag-actu","tag-actualites","tag-agriculture","tag-animaux","tag-eu","tag-europe","tag-fr","tag-france","tag-loisirs-culture","tag-news","tag-occitanie","tag-pyrenees","tag-republique-francaise","tag-toulouse"],"share_on_mastodon":{"url":"https:\/\/pubeurope.com\/@fr\/116471987411280080","error":""},"_links":{"self":[{"href":"https:\/\/www.europesays.com\/fr\/wp-json\/wp\/v2\/posts\/894112","targetHints":{"allow":["GET"]}}],"collection":[{"href":"https:\/\/www.europesays.com\/fr\/wp-json\/wp\/v2\/posts"}],"about":[{"href":"https:\/\/www.europesays.com\/fr\/wp-json\/wp\/v2\/types\/post"}],"author":[{"embeddable":true,"href":"https:\/\/www.europesays.com\/fr\/wp-json\/wp\/v2\/users\/2"}],"replies":[{"embeddable":true,"href":"https:\/\/www.europesays.com\/fr\/wp-json\/wp\/v2\/comments?post=894112"}],"version-history":[{"count":0,"href":"https:\/\/www.europesays.com\/fr\/wp-json\/wp\/v2\/posts\/894112\/revisions"}],"wp:featuredmedia":[{"embeddable":true,"href":"https:\/\/www.europesays.com\/fr\/wp-json\/wp\/v2\/media\/894113"}],"wp:attachment":[{"href":"https:\/\/www.europesays.com\/fr\/wp-json\/wp\/v2\/media?parent=894112"}],"wp:term":[{"taxonomy":"category","embeddable":true,"href":"https:\/\/www.europesays.com\/fr\/wp-json\/wp\/v2\/categories?post=894112"},{"taxonomy":"post_tag","embeddable":true,"href":"https:\/\/www.europesays.com\/fr\/wp-json\/wp\/v2\/tags?post=894112"}],"curies":[{"name":"wp","href":"https:\/\/api.w.org\/{rel}","templated":true}]}}