{"id":894582,"date":"2026-04-26T21:51:14","date_gmt":"2026-04-26T21:51:14","guid":{"rendered":"https:\/\/www.europesays.com\/fr\/894582\/"},"modified":"2026-04-26T21:51:14","modified_gmt":"2026-04-26T21:51:14","slug":"les-troupes-maliennes-et-les-mercenaires-russes-se-retirent-de-kidal","status":"publish","type":"post","link":"https:\/\/www.europesays.com\/fr\/894582\/","title":{"rendered":"Les troupes maliennes et les mercenaires russes se retirent de Kidal"},"content":{"rendered":"<p>Les forces maliennes et les mercenaires russes se sont retir\u00e9s de la ville de Kidal, dans le nord du Mali, \u00e0 la suite d\u2019une s\u00e9rie d\u2019attaques coordonn\u00e9es men\u00e9es \u00e0 travers le pays par les forces rebelles et djihadistes, dimanche. <\/p>\n<p>Un porte-parole du groupe s\u00e9paratiste Front de lib\u00e9ration de l\u2019Azawad (FLA), dirig\u00e9 par les Touaregs, a d\u00e9clar\u00e9 que les troupes du Corps africain russe et l\u2019arm\u00e9e malienne s\u2019\u00e9taient retir\u00e9es de la ville apr\u00e8s qu\u2019un accord eut \u00e9t\u00e9 conclu pour leur d\u00e9part pacifique. <\/p>\n<p>\u00abKidal est d\u00e9clar\u00e9e libre\u00bb, a clam\u00e9 le porte-parole du FLA, Mohamed El Maouloud Ramadan.<\/p>\n<p>L\u2019arm\u00e9e malienne n\u2019a pas r\u00e9pondu aux demandes de commentaires.<\/p>\n<p>Samedi, les s\u00e9paratistes se sont joints \u00e0 des combattants islamistes pour lancer l\u2019une des plus importantes attaques coordonn\u00e9es contre l\u2019arm\u00e9e malienne dans la capitale et plusieurs autres villes, faisant au moins 16\u00a0bless\u00e9s. <\/p>\n<p>Les s\u00e9paratistes se battent depuis des ann\u00e9es pour cr\u00e9er un \u00c9tat ind\u00e9pendant dans le nord du Mali. La ville de Kidal a longtemps servi de bastion \u00e0 la r\u00e9bellion avant d\u2019\u00eatre prise par les forces gouvernementales maliennes et des mercenaires russes en 2023, ce qui \u00e9tait une victoire symbolique importante pour la junte et ses alli\u00e9s russes.<\/p>\n<p>C\u2019\u00e9tait la premi\u00e8re fois que les s\u00e9paratistes collaboraient avec le groupe militant JNIM, li\u00e9 \u00e0 Al-Qa\u00efda, qui a \u00e9galement revendiqu\u00e9 les attaques de samedi contre l\u2019a\u00e9roport international de Bamako et quatre autres villes, dont Kidal, dans le centre et le nord du Mali. <\/p>\n<p>\u00abCette op\u00e9ration est men\u00e9e en partenariat avec le JNIM, qui s\u2019est \u00e9galement engag\u00e9 \u00e0 d\u00e9fendre le peuple contre le r\u00e9gime militaire de Bamako\u00bb, a d\u00e9clar\u00e9 M.\u00a0Ramadan. <\/p>\n<p>Wassim Nasr, sp\u00e9cialiste du Sahel et chercheur au Soufan Center, un groupe de r\u00e9flexion sur la s\u00e9curit\u00e9, a soulign\u00e9 que la coordination entre les deux groupes ainsi que l\u2019appel explicite au d\u00e9part de l\u2019arm\u00e9e russe constituaient une nouveaut\u00e9.<\/p>\n<p>\u00abLa coordination, le fait de mener des attaques simultan\u00e9ment dans tout le pays, une v\u00e9ritable coordination au niveau militaire et au niveau politique, car les deux groupes ont reconnu avoir collabor\u00e9, c\u2019est une premi\u00e8re\u00bb, a d\u00e9clar\u00e9 M.\u00a0Nasr.<\/p>\n<p>Le porte-parole du gouvernement malien, le g\u00e9n\u00e9ral Issa Ousmane Coulibaly, a rapport\u00e9 samedi soir \u00e0 la t\u00e9l\u00e9vision d\u2019\u00c9tat que 16\u00a0personnes avaient \u00e9t\u00e9 bless\u00e9es, dont des civils et des militaires, et que plusieurs militants avaient \u00e9t\u00e9 tu\u00e9s. Il n\u2019a toutefois pas donn\u00e9 de bilan pr\u00e9cis des victimes.<\/p>\n<p>Le gouverneur de la r\u00e9gion de Bamako, Abdoulaye Coulibaly, a annonc\u00e9 un couvre-feu de trois jours, de 21\u00a0h \u00e0 6\u00a0h.<\/p>\n<p>La Communaut\u00e9 \u00e9conomique des \u00c9tats de l\u2019Afrique de l\u2019Ouest a condamn\u00e9 ces attaques et a appel\u00e9 \u00abtous les \u00c9tats, les forces de s\u00e9curit\u00e9, les m\u00e9canismes r\u00e9gionaux et les populations d\u2019Afrique de l\u2019Ouest \u00e0 s\u2019unir et \u00e0 se mobiliser dans un effort coordonn\u00e9 pour lutter contre ce fl\u00e9au\u00bb.<\/p>\n<p>Les s\u00e9paratistes ont appel\u00e9 la Russie \u00e0 \u00abreconsid\u00e9rer son soutien \u00e0 la junte militaire de Bamako, dont les actions ont contribu\u00e9 \u00e0 la souffrance de la population civile\u00bb. <\/p>\n<p>\u00c0 la suite de coups d\u2019\u00c9tat militaires, les juntes du Mali, du Niger et du Burkina Faso se sont d\u00e9tourn\u00e9es de leurs alli\u00e9s occidentaux au profit de la Russie afin d\u2019obtenir de l\u2019aide dans la lutte contre les militants islamistes. <\/p>\n<p>La situation s\u00e9curitaire s\u2019est cependant aggrav\u00e9e r\u00e9cemment, avec un nombre record d\u2019attaques perp\u00e9tr\u00e9es par des activistes. Les forces gouvernementales ont \u00e9galement \u00e9t\u00e9 accus\u00e9es d\u2019avoir tu\u00e9 des civils qu\u2019elles soup\u00e7onnaient de collaborer avec les militants.<\/p>\n<p>En 2024, un groupe li\u00e9 \u00e0 Al-Qa\u00efda a revendiqu\u00e9 une attaque contre l\u2019a\u00e9roport de Bamako et un camp d\u2019entra\u00eenement militaire dans la capitale, tuant des dizaines de personnes.<\/p>\n<p>Ulf Laessing, responsable du programme Sahel \u00e0 la Fondation Konrad Adenauer, a d\u00e9clar\u00e9 que, si ces attaques portaient un coup dur \u00e0 la cr\u00e9dibilit\u00e9 des partenaires russes du Mali, il \u00e9tait peu probable que le JNIM prenne le contr\u00f4le de Bamako \u00e0 court terme en raison de l\u2019opposition de la population locale.<\/p>\n<p>\u00abCes attaques portent un dur coup \u00e0 la Russie, car les mercenaires n\u2019avaient aucune information sur ces attaques et n\u2019ont pas \u00e9t\u00e9 en mesure de prot\u00e9ger les grandes villes. Ils ont inutilement aggrav\u00e9 le conflit en ne faisant pas la distinction entre civils et combattants\u00bb, a soutenu M.\u00a0Laessing.<\/p>\n","protected":false},"excerpt":{"rendered":"Les forces maliennes et les mercenaires russes se sont retir\u00e9s de la ville de Kidal, dans le nord&hellip;\n","protected":false},"author":2,"featured_media":894583,"comment_status":"","ping_status":"","sticky":false,"template":"","format":"standard","meta":{"footnotes":"","_share_on_mastodon":"0"},"categories":[1591],"tags":[11,1887,11621,1854,20106,4576,12,1885,1886,132],"class_list":["post-894582","post","type-post","status-publish","format-standard","has-post-thumbnail","category-russie","tag-actualites","tag-federation-de-russie","tag-https-lactualite-com-sujet-defense","tag-https-lactualite-com-sujet-international","tag-https-lactualite-com-sujet-justice","tag-https-lactualite-com-sujet-politique","tag-news","tag-russia","tag-russian-federation","tag-russie"],"share_on_mastodon":{"url":"https:\/\/pubeurope.com\/@fr\/116473226107205651","error":""},"_links":{"self":[{"href":"https:\/\/www.europesays.com\/fr\/wp-json\/wp\/v2\/posts\/894582","targetHints":{"allow":["GET"]}}],"collection":[{"href":"https:\/\/www.europesays.com\/fr\/wp-json\/wp\/v2\/posts"}],"about":[{"href":"https:\/\/www.europesays.com\/fr\/wp-json\/wp\/v2\/types\/post"}],"author":[{"embeddable":true,"href":"https:\/\/www.europesays.com\/fr\/wp-json\/wp\/v2\/users\/2"}],"replies":[{"embeddable":true,"href":"https:\/\/www.europesays.com\/fr\/wp-json\/wp\/v2\/comments?post=894582"}],"version-history":[{"count":0,"href":"https:\/\/www.europesays.com\/fr\/wp-json\/wp\/v2\/posts\/894582\/revisions"}],"wp:featuredmedia":[{"embeddable":true,"href":"https:\/\/www.europesays.com\/fr\/wp-json\/wp\/v2\/media\/894583"}],"wp:attachment":[{"href":"https:\/\/www.europesays.com\/fr\/wp-json\/wp\/v2\/media?parent=894582"}],"wp:term":[{"taxonomy":"category","embeddable":true,"href":"https:\/\/www.europesays.com\/fr\/wp-json\/wp\/v2\/categories?post=894582"},{"taxonomy":"post_tag","embeddable":true,"href":"https:\/\/www.europesays.com\/fr\/wp-json\/wp\/v2\/tags?post=894582"}],"curies":[{"name":"wp","href":"https:\/\/api.w.org\/{rel}","templated":true}]}}