{"id":89510,"date":"2025-05-10T14:09:10","date_gmt":"2025-05-10T14:09:10","guid":{"rendered":"https:\/\/www.europesays.com\/fr\/89510\/"},"modified":"2025-05-10T14:09:10","modified_gmt":"2025-05-10T14:09:10","slug":"lespagne-doit-conduire-le-droit-a-un-environnement-propre-sain-et-durable-dans-lue","status":"publish","type":"post","link":"https:\/\/www.europesays.com\/fr\/89510\/","title":{"rendered":"L&rsquo;Espagne doit conduire le droit \u00e0 un environnement propre, sain et durable dans l&rsquo;UE"},"content":{"rendered":"<p><strong>L&rsquo;Espagne doit conduire le droit \u00e0 un environnement propre, sain et durable dans l&rsquo;UE<\/strong>: Le changement climatique et la d\u00e9gradation de l&rsquo;environnement sont une menace existentielle auquel l&rsquo;Europe et le reste du monde sont confront\u00e9es. Pour surmonter ces d\u00e9fis, le<strong> Pacte vert europ\u00e9en<\/strong> transformera le <strong>UE<\/strong> dans <strong>Une \u00e9conomie moderne et efficace dans l&rsquo;utilisation des ressources et de la comp\u00e9tition<\/strong>garantissant que:<\/p>\n<ol>\n<li>Ils ont cess\u00e9 de produire des \u00e9missions de gaz \u00e0 effet de serre nettes en 2050<\/li>\n<li>La croissance \u00e9conomique est dissoci\u00e9e de l&rsquo;utilisation des ressources<\/li>\n<li>Il n&rsquo;y a personne ou des endroits.<\/li>\n<\/ol>\n<p>Pour atteindre cet objectif, il sera n\u00e9cessaire d&rsquo;agir dans tous les secteurs de notre \u00e9conomie:<\/p>\n<ol>\n<li>Investissez dans des technologies respectueuses de l&rsquo;environnement<\/li>\n<li>Soutenez l&rsquo;industrie \u00e0 innover<\/li>\n<li>Afficher les syst\u00e8mes de transport public et priv\u00e9 plus cher et moins cher et plus sain<\/li>\n<li>d\u00e9carboniser le secteur de l&rsquo;\u00e9nergie<\/li>\n<li>garantir que les b\u00e2timents sont plus efficaces du point de vue \u00e9nerg\u00e9tique<\/li>\n<li>Collaborez avec des partenaires internationaux pour am\u00e9liorer les normes environnementales mondiales.<\/li>\n<\/ol>\n<p>Protocole \u00abpour garantir le droit \u00e0 un environnement propre, sain et durable\u00bb<\/p>\n<p><strong>Les organisations \u00e9cologiques ont envoy\u00e9 une lettre au gouvernement d&rsquo;Espagne pour demander que cela dirige l&rsquo;adoption d&rsquo;un protocole \u00ab\u00a0pour garantir le droit \u00e0 un environnement propre, sain et durable\u00a0\u00bb dans le cadre du Conseil de l&rsquo;Europe<\/strong>.<\/p>\n<p>Rappelez-vous que ce droit, proclam\u00e9 par le<strong> Assembl\u00e9e g\u00e9n\u00e9rale des Nations Unies en 2022<\/strong>\u00ab<strong>Il constitue la base de l&rsquo;exercice d&rsquo;autres droits fondamentaux tels que la sant\u00e9, la nourriture ou l&rsquo;acc\u00e8s \u00e0 l&rsquo;eau \u00ab\u00a0, mais que, dans le cas de l&rsquo;Europe,\u00a0\u00bb n&rsquo;a pas de protection juridique contraignante qui le rend pleinement applicable<\/strong>\u00ab, Comme l&rsquo;a rapport\u00e9 les ONG de conservation.<\/p>\n<p><img decoding=\"async\" loading=\"lazy\" width=\"350\" height=\"104\" src=\"https:\/\/www.europesays.com\/fr\/wp-content\/uploads\/2025\/04\/Qu39arrivera-t-il-a-l39industrie-miniere-des-eaux-profondes-destructrices.jpg\"\/><br \/>\n<img decoding=\"async\" loading=\"lazy\" width=\"350\" height=\"104\" src=\"https:\/\/www.europesays.com\/fr\/wp-content\/uploads\/2025\/05\/Alliance-pour-promouvoir-la-conservation-de-la-biodiversite.jpg\"\/><\/p>\n<p>Dans la p\u00e9tition, \u00e9lev\u00e9 \u00e0 la veille du <strong>Journ\u00e9e mondiale des oiseaux migrateurs<\/strong> <strong>2025<\/strong> qui est comm\u00e9mor\u00e9 aujourd&rsquo;hui, exiger un instrument juridiquement contraignant sur ce \u00ab<strong>Droit \u00e0 l&rsquo;environnement<\/strong>\u00bbSous la forme de &lsquo;<strong>Protocole suppl\u00e9mentaire \u00e0 l&rsquo;accord europ\u00e9en des droits de l&rsquo;homme<\/strong>&lsquo; dans le <strong>134e session du Comit\u00e9 des ministres du Conseil de l&rsquo;Europe<\/strong>qui aura lieu ensuite <strong>13 mai au Luxembourg<\/strong>.<\/p>\n<p>Le Conseil de l&rsquo;Europe \u00ab<strong>Il a l&rsquo;occasion d&rsquo;adopter une d\u00e9cision historique et doit montrer son leadership et initier le processus l\u00e9gislatif de ce protocole, ou un autre instrument de force juridique \u00e9quivalente, qui reconna\u00eet et sauvegarde officiellement ce droit humain essentiel<\/strong>\u00ab, Dit la d\u00e9claration.<\/p>\n<p>Les organisations affirment que cette proposition est soutenue par plus de 500 organisations de la soci\u00e9t\u00e9 civile, mouvements sociaux et peuples autochtones qui consid\u00e8rent que \u00ab<strong>Sa demande compl\u00e9terait la l\u00e9gislation environnementale de l&rsquo;Union europ\u00e9enne et fournirait une approche ax\u00e9e sur les droits de l&rsquo;homme, le renforcement de la coh\u00e9rence juridique dans toute la r\u00e9gion<\/strong>\u00ab.<\/p>\n<p>La protection de ce droit \u00ab<strong>Il est urgent \u00bbpour son lien avec\u00ab la d\u00e9t\u00e9rioration acc\u00e9l\u00e9r\u00e9e de l&rsquo;environnement, des \u00e9cosyst\u00e8mes, du climat et de la destruction de la biodiversit\u00e9<\/strong>\u00ab, Selon le pr\u00e9sident de l&rsquo;Apdhe, Tania Garc\u00eda.<\/p>\n<p>Le droit \u00e0 un environnement sain \u00ab\u00a0n&rsquo;est pas un luxe, est la base de tous les autres droits et c&rsquo;est le moment de franchir la mesure d\u00e9finitive,\u00a0\u00bb Ajout d&rsquo;organisations environnementales \u00ab\u00a0\u00a0\u00bb<strong>Les d\u00e9clarations politiques ne suffisent plus, nous avons besoin d&rsquo;un instrument l\u00e9gal qui garantit ce droit<\/strong>\u00ab. <strong>Efe \/ efe.com<\/strong><\/p>\n","protected":false},"excerpt":{"rendered":"L&rsquo;Espagne doit conduire le droit \u00e0 un environnement propre, sain et durable dans l&rsquo;UE: Le changement climatique et&hellip;\n","protected":false},"author":2,"featured_media":89511,"comment_status":"","ping_status":"","sticky":false,"template":"","format":"standard","meta":{"footnotes":""},"categories":[1586],"tags":[11,12070,1446,5404,6084,12223,436,1777,674,1779,1011,27,20010,13257,12,16648,25,20011,1778,364],"class_list":{"0":"post-89510","1":"post","2":"type-post","3":"status-publish","4":"format-standard","5":"has-post-thumbnail","7":"category-europe","8":"tag-actualites","9":"tag-conduire","10":"tag-dans","11":"tag-doit","12":"tag-droit","13":"tag-durable","14":"tag-environnement","15":"tag-eu","16":"tag-europe","17":"tag-european-union","18":"tag-fr","19":"tag-france","20":"tag-l39espagne","21":"tag-l39ue","22":"tag-news","23":"tag-propre","24":"tag-republique-francaise","25":"tag-sain","26":"tag-ue","27":"tag-union-europeenne"},"share_on_mastodon":{"url":"https:\/\/pubeurope.com\/@fr\/114483938314158517","error":""},"_links":{"self":[{"href":"https:\/\/www.europesays.com\/fr\/wp-json\/wp\/v2\/posts\/89510","targetHints":{"allow":["GET"]}}],"collection":[{"href":"https:\/\/www.europesays.com\/fr\/wp-json\/wp\/v2\/posts"}],"about":[{"href":"https:\/\/www.europesays.com\/fr\/wp-json\/wp\/v2\/types\/post"}],"author":[{"embeddable":true,"href":"https:\/\/www.europesays.com\/fr\/wp-json\/wp\/v2\/users\/2"}],"replies":[{"embeddable":true,"href":"https:\/\/www.europesays.com\/fr\/wp-json\/wp\/v2\/comments?post=89510"}],"version-history":[{"count":0,"href":"https:\/\/www.europesays.com\/fr\/wp-json\/wp\/v2\/posts\/89510\/revisions"}],"wp:featuredmedia":[{"embeddable":true,"href":"https:\/\/www.europesays.com\/fr\/wp-json\/wp\/v2\/media\/89511"}],"wp:attachment":[{"href":"https:\/\/www.europesays.com\/fr\/wp-json\/wp\/v2\/media?parent=89510"}],"wp:term":[{"taxonomy":"category","embeddable":true,"href":"https:\/\/www.europesays.com\/fr\/wp-json\/wp\/v2\/categories?post=89510"},{"taxonomy":"post_tag","embeddable":true,"href":"https:\/\/www.europesays.com\/fr\/wp-json\/wp\/v2\/tags?post=89510"}],"curies":[{"name":"wp","href":"https:\/\/api.w.org\/{rel}","templated":true}]}}