{"id":89515,"date":"2025-05-10T14:12:08","date_gmt":"2025-05-10T14:12:08","guid":{"rendered":"https:\/\/www.europesays.com\/fr\/89515\/"},"modified":"2025-05-10T14:12:08","modified_gmt":"2025-05-10T14:12:08","slug":"apres-dix-ans-de-regne-a-france-televisions-comment-delphine-ernotte-cunci-veut-rester-au-pouvoir-liberation","status":"publish","type":"post","link":"https:\/\/www.europesays.com\/fr\/89515\/","title":{"rendered":"Apr\u00e8s dix\u00a0ans de r\u00e8gne \u00e0 France T\u00e9l\u00e9visions, comment Delphine Ernotte-Cunci veut rester au pouvoir \u2013 Lib\u00e9ration"},"content":{"rendered":"<p class=\"sc-ksZaOG ehjQrN text-element\">Son projet s\u2019intitule \u00abR\u00e9concilier\u00bb. Lundi 12 mai \u00e0 14 heures, Delphine Ernotte-Cunci le pr\u00e9sentera aux neuf membres du coll\u00e8ge de l\u2019Arcom, le r\u00e9gulateur de l\u2019audiovisuel. Du jamais vu : la dirigeante de 58 ans <a href=\"https:\/\/www.liberation.fr\/economie\/medias\/france-televisions-delphine-ernotte-cunci-candidate-a-un-troisieme-mandat-20250417_4SBO3XBSGVARPN2MU37YERAJ7M\/\" target=\"_blank\" rel=\"nofollow noopener\" title=\"https:\/\/www.liberation.fr\/economie\/medias\/france-televisions-delphine-ernotte-cunci-candidate-a-un-troisieme-mandat-20250417_4SBO3XBSGVARPN2MU37YERAJ7M\/\">postule \u00e0 un troisi\u00e8me mandat de cinq ans \u00e0 la t\u00eate de France T\u00e9l\u00e9visions<\/a>. Face \u00e0 elle, trois pr\u00e9tendants : l\u2019ancienne d\u00e9put\u00e9e La R\u00e9publique en marche et productrice Fr\u00e9d\u00e9rique Dumas, <a href=\"https:\/\/www.liberation.fr\/politique\/le-livre-ecrit-a-la-mitraillette-de-lex-deputee-lrem-frederique-dumas-20220330_V6NBI24OUVFUBDFCBPG2AF2MBQ\/\" target=\"_blank\" rel=\"nofollow noopener\" title=\"https:\/\/www.liberation.fr\/politique\/le-livre-ecrit-a-la-mitraillette-de-lex-deputee-lrem-frederique-dumas-20220330_V6NBI24OUVFUBDFCBPG2AF2MBQ\/\">partie f\u00e2ch\u00e9e de la macronie<\/a>, l\u2019ex-directrice g\u00e9n\u00e9rale adjointe de la r\u00e9gie pub de France T\u00e9l\u00e9s Ir\u00e8ne Grenet et Jean-Philippe Lef\u00e8vre, consultant en communication, vingt-deux ans pass\u00e9s \u00e0 Public S\u00e9nat. Des CV suffisants pour diriger une telle bo\u00eete, avec ses 8 800 salari\u00e9s et ses 3,7 milliards d\u2019euros de budget annuel, si centrale pour l\u2019\u00e9cosyst\u00e8me culturel fran\u00e7ais, si compliqu\u00e9e \u00e0 man\u0153uvrer ? Pas s\u00fbr.<\/p>\n","protected":false},"excerpt":{"rendered":"Son projet s\u2019intitule \u00abR\u00e9concilier\u00bb. Lundi 12 mai \u00e0 14 heures, Delphine Ernotte-Cunci le pr\u00e9sentera aux neuf membres du&hellip;\n","protected":false},"author":2,"featured_media":89516,"comment_status":"","ping_status":"","sticky":false,"template":"","format":"standard","meta":{"footnotes":""},"categories":[4],"tags":[11,1073,1011,27,12,25],"class_list":{"0":"post-89515","1":"post","2":"type-post","3":"status-publish","4":"format-standard","5":"has-post-thumbnail","7":"category-france","8":"tag-actualites","9":"tag-emmanuel-macron","10":"tag-fr","11":"tag-france","12":"tag-news","13":"tag-republique-francaise"},"share_on_mastodon":{"url":"https:\/\/pubeurope.com\/@fr\/114483949918389757","error":""},"_links":{"self":[{"href":"https:\/\/www.europesays.com\/fr\/wp-json\/wp\/v2\/posts\/89515","targetHints":{"allow":["GET"]}}],"collection":[{"href":"https:\/\/www.europesays.com\/fr\/wp-json\/wp\/v2\/posts"}],"about":[{"href":"https:\/\/www.europesays.com\/fr\/wp-json\/wp\/v2\/types\/post"}],"author":[{"embeddable":true,"href":"https:\/\/www.europesays.com\/fr\/wp-json\/wp\/v2\/users\/2"}],"replies":[{"embeddable":true,"href":"https:\/\/www.europesays.com\/fr\/wp-json\/wp\/v2\/comments?post=89515"}],"version-history":[{"count":0,"href":"https:\/\/www.europesays.com\/fr\/wp-json\/wp\/v2\/posts\/89515\/revisions"}],"wp:featuredmedia":[{"embeddable":true,"href":"https:\/\/www.europesays.com\/fr\/wp-json\/wp\/v2\/media\/89516"}],"wp:attachment":[{"href":"https:\/\/www.europesays.com\/fr\/wp-json\/wp\/v2\/media?parent=89515"}],"wp:term":[{"taxonomy":"category","embeddable":true,"href":"https:\/\/www.europesays.com\/fr\/wp-json\/wp\/v2\/categories?post=89515"},{"taxonomy":"post_tag","embeddable":true,"href":"https:\/\/www.europesays.com\/fr\/wp-json\/wp\/v2\/tags?post=89515"}],"curies":[{"name":"wp","href":"https:\/\/api.w.org\/{rel}","templated":true}]}}