{"id":89533,"date":"2025-05-10T14:24:08","date_gmt":"2025-05-10T14:24:08","guid":{"rendered":"https:\/\/www.europesays.com\/fr\/89533\/"},"modified":"2025-05-10T14:24:08","modified_gmt":"2025-05-10T14:24:08","slug":"ce-prolifique-sculpteur-animalier-publie-un-livre-consacre-a-son-metier","status":"publish","type":"post","link":"https:\/\/www.europesays.com\/fr\/89533\/","title":{"rendered":"ce prolifique sculpteur animalier publie un livre consacr\u00e9 \u00e0 son m\u00e9tier"},"content":{"rendered":"<p>            Par<br \/>\n        <strong><br \/>\n            <a href=\"https:\/\/actu.fr\/auteur\/redaction-lerepublique\" title=\"Consulter tous les articles de R\u00e9daction La R\u00e9publique de Seine et Marne\" rel=\"nofollow noopener\" target=\"_blank\">R\u00e9daction La R\u00e9publique de Seine et Marne<\/a><br \/>\n        <\/strong><\/p>\n<p>        Publi\u00e9 le<\/p>\n<p>            10 mai 2025 \u00e0 16h04        <\/p>\n<p>Dans le petit village de <b>Noyen-sur-Seine<\/b> (<a href=\"https:\/\/actu.fr\/la-republique-de-seine-et-marne\/\" rel=\"nofollow noopener\" target=\"_blank\">Seine-et-Marne<\/a>), l\u2019atelier de sculpture de <b>Fran\u00e7ois Galoyer<\/b> regorge d\u2019<b>\u0153uvres animali\u00e8res<\/b> en bois, pierre et marbre qu\u2019il cr\u00e9e, ici m\u00eame, depuis les ann\u00e9es 1970.<\/p>\n<p class=\" wall-content\">D\u00e8s le 16 mai prochain, son ouvrage, intitul\u00e9 Une vie pour l\u2019art animalier sera disponible. Les lecteurs pourront ainsi d\u00e9couvrir la biographie de cet <b>artiste si singulier<\/b>, ainsi que la totalit\u00e9 de ses \u0153uvres sous forme de reproductions couleurs.<\/p>\n<p>410 sculptures<\/p>\n<p class=\" wall-content\">\u00ab\u2009Personnellement, je n\u2019y aurais jamais pens\u00e9, mais diff\u00e9rentes personnes de mon entourage, comme des galeristes ou des commissaires-priseurs, me l\u2019ont sugg\u00e9r\u00e9\u2009\u00bb, explique l\u2019artiste. Pour r\u00e9diger ce livre, il a travaill\u00e9 avec une amie de 33\u00a0ans et son \u00e9l\u00e8ve depuis cinq ans, <b>Adeline Cochin<\/b>, qui, petit \u00e0 petit, a pris des notes afin de consigner la vie du sculpteur.<\/p>\n<p class=\" wall-content\">\u00ab\u2009Il y a eu <b>une ann\u00e9e enti\u00e8re de travail<\/b> afin de r\u00e9unir tous les documents, comme les planches et les \u00e9tudes de mes sculptures. Il est vrai que cela a \u00e9t\u00e9 assez long de tout inventorier et surtout de ne rien oublier\u2009\u00bb, compl\u00e8te Fran\u00e7ois Galoyer.<\/p>\n<p class=\" wall-content\">Dans la premi\u00e8re partie de cet ouvrage, les lecteurs retrouveront ses d\u00e9buts d\u00e8s l\u2019\u00e2ge de <b>14\u00a0ans<\/b>, avec l\u2019ambiance familiale, puis la construction des ateliers et le d\u00e9tail de ses r\u00e9alisations\u2009: \u00ab\u2009Nous avons command\u00e9 <b>300 ouvrages<\/b> qui seront, entre autres, r\u00e9partis dans les librairies nationales qui ont un rayon beaux-arts ainsi que dans les mus\u00e9es qui proposent de grandes expositions\u2009\u00bb, pr\u00e9cise-t-il.<\/p>\n<p>Vid\u00e9os : en ce moment sur Actu<\/p>\n<p class=\" wall-content\">L\u2019ouvrage d\u00e9taille les <b>410 sculptures<\/b> animali\u00e8res de Fran\u00e7ois Galoyer \u00e0 travers son parcours de vie consacr\u00e9e \u00e0 l\u2019art animalier.<\/p>\n<p>Disponible \u00e0 la librairie de Bray au prix de 55\u20ac<br \/>T\u00e9l\u2009: 06\u200929\u200943\u200967\u200937<\/p>\n<p class=\" wall-content\">Suivez toute l\u2019actualit\u00e9 de vos villes et m\u00e9dias favoris en vous inscrivant \u00e0 <a href=\"https:\/\/moncompte.actu.fr\" title=\"D\u00e9couvez Mon Actu\" rel=\"nofollow noopener\" data-trk=\"{&quot;cta&quot;:{&quot;action&quot;:&quot;https:\\\/\\\/moncompte.actu.fr&quot;,&quot;category&quot;:&quot;mon compte&quot;,&quot;from&quot;:&quot;article footer&quot;,&quot;name&quot;:&quot;Mon actu&quot;,&quot;type&quot;:&quot;cta&quot;}}\" target=\"_blank\">Mon Actu<\/a>.<\/p>\n","protected":false},"excerpt":{"rendered":"Par R\u00e9daction La R\u00e9publique de Seine et Marne Publi\u00e9 le 10 mai 2025 \u00e0 16h04 Dans le petit&hellip;\n","protected":false},"author":2,"featured_media":89534,"comment_status":"","ping_status":"","sticky":false,"template":"","format":"standard","meta":{"footnotes":""},"categories":[1357],"tags":[1867,1477,1379,58,59,1011,27,1380,104],"class_list":{"0":"post-89533","1":"post","2":"type-post","3":"status-publish","4":"format-standard","5":"has-post-thumbnail","7":"category-livres","8":"tag-animaux","9":"tag-artisanat","10":"tag-books","11":"tag-divertissement","12":"tag-entertainment","13":"tag-fr","14":"tag-france","15":"tag-livres","16":"tag-societe"},"share_on_mastodon":{"url":"https:\/\/pubeurope.com\/@fr\/114483997156881521","error":""},"_links":{"self":[{"href":"https:\/\/www.europesays.com\/fr\/wp-json\/wp\/v2\/posts\/89533","targetHints":{"allow":["GET"]}}],"collection":[{"href":"https:\/\/www.europesays.com\/fr\/wp-json\/wp\/v2\/posts"}],"about":[{"href":"https:\/\/www.europesays.com\/fr\/wp-json\/wp\/v2\/types\/post"}],"author":[{"embeddable":true,"href":"https:\/\/www.europesays.com\/fr\/wp-json\/wp\/v2\/users\/2"}],"replies":[{"embeddable":true,"href":"https:\/\/www.europesays.com\/fr\/wp-json\/wp\/v2\/comments?post=89533"}],"version-history":[{"count":0,"href":"https:\/\/www.europesays.com\/fr\/wp-json\/wp\/v2\/posts\/89533\/revisions"}],"wp:featuredmedia":[{"embeddable":true,"href":"https:\/\/www.europesays.com\/fr\/wp-json\/wp\/v2\/media\/89534"}],"wp:attachment":[{"href":"https:\/\/www.europesays.com\/fr\/wp-json\/wp\/v2\/media?parent=89533"}],"wp:term":[{"taxonomy":"category","embeddable":true,"href":"https:\/\/www.europesays.com\/fr\/wp-json\/wp\/v2\/categories?post=89533"},{"taxonomy":"post_tag","embeddable":true,"href":"https:\/\/www.europesays.com\/fr\/wp-json\/wp\/v2\/tags?post=89533"}],"curies":[{"name":"wp","href":"https:\/\/api.w.org\/{rel}","templated":true}]}}