{"id":89535,"date":"2025-05-10T14:25:09","date_gmt":"2025-05-10T14:25:09","guid":{"rendered":"https:\/\/www.europesays.com\/fr\/89535\/"},"modified":"2025-05-10T14:25:09","modified_gmt":"2025-05-10T14:25:09","slug":"cette-actrice-originaire-du-mans-etait-lune-des-mascottes-de-lemission-mask-singer-sur-tf1","status":"publish","type":"post","link":"https:\/\/www.europesays.com\/fr\/89535\/","title":{"rendered":"cette actrice originaire du Mans \u00e9tait l\u2019une des mascottes de l\u2019\u00e9mission Mask Singer sur TF1"},"content":{"rendered":"<p>            Par<br \/>\n        <strong><br \/>\n            <a href=\"https:\/\/actu.fr\/auteur\/aurelien-burban\" title=\"Consulter tous les articles de Aur\u00e9lien Burban\" rel=\"nofollow noopener\" target=\"_blank\">Aur\u00e9lien Burban<\/a><br \/>\n        <\/strong><\/p>\n<p>        Publi\u00e9 le<\/p>\n<p>            10 mai 2025 \u00e0 13h21        <\/p>\n<p>Une personnalit\u00e9, dans un costume, en train de chanter avec une voix non modifi\u00e9e\u2009: c\u2019est le principe de <b>Mask Singer<\/b>.<\/p>\n<p class=\" wall-content\">L\u2019\u00e9mission de <b>TF1<\/b> voit quatre personnes connues enqu\u00eater en vue de d\u00e9masquer une mascotte. Celle du vendredi 9\u00a0mai 2025 vient de r\u00e9v\u00e9ler une personnalit\u00e9 venue du\u00a0Mans (<a href=\"https:\/\/actu.fr\/pays-de-la-loire\/sarthe_72\" rel=\"nofollow noopener\" target=\"_blank\">Sarthe<\/a>).<\/p>\n<p>H\u00e9l\u00e8ne Roll\u00e8s dans Mask Singer<\/p>\n<p class=\" wall-content\">L\u2019un des indices, et non des moindres, pour retrouver cette personne c\u00e9l\u00e8bre dans tout l\u2019Hexagone, et m\u00eame \u00e0 l\u2019international, \u00e9tait un clin d\u2019\u0153il aux <a href=\"https:\/\/actu.fr\/tag\/24-heures-du-mans\" rel=\"nofollow noopener\" target=\"_blank\">24\u00a0Heures du\u00a0Mans<\/a>. Puisque la mascotte \u00e9tait un bolide jaune, orn\u00e9 de de drapeaux \u00e0 damiers, \u00e9limin\u00e9e d\u00e8s le deuxi\u00e8me \u00e9pisode de l\u2019\u00e9mission.<\/p>\n<p class=\" wall-content\">\n<p class=\" wall-content\">Sous le costume se cachait <b>H\u00e9l\u00e8ne Roll\u00e8s<\/b>, n\u00e9e sur le territoire manceau.<\/p>\n<p>24\u00a0Heures du\u00a0Mans et H\u00e9l\u00e8ne et les gar\u00e7ons dans les indices<\/p>\n<p class=\" wall-content\">Ic\u00f4ne de toute la g\u00e9n\u00e9ration 90 avec le sitcom H\u00e9l\u00e8ne et les gar\u00e7ons, la com\u00e9dienne continue de passer \u00e0 la <a href=\"https:\/\/actu.fr\/tag\/television\" rel=\"nofollow noopener\" target=\"_blank\">t\u00e9l\u00e9vision<\/a> avec la version revisit\u00e9e, Les Myst\u00e8res de l\u2019amour, qui en est \u00e0 sa 34e saison.<\/p>\n<p>Vid\u00e9os : en ce moment sur Actu<\/p>\n<p class=\" wall-content\">\u00c0 noter que les yeux verts du bolide faisaient r\u00e9f\u00e9rence \u00e0 l\u2019un des premiers titres de la com\u00e9dienne, Dans ses grands yeux verts. Un dernier indice, le garage, \u00e9voquait la s\u00e9rie qui l\u2019a rendu c\u00e9l\u00e8bre, lieu o\u00f9 se retrouvaient les personnages pour leurs r\u00e9p\u00e9titions de <a href=\"https:\/\/actu.fr\/tag\/musique\" rel=\"nofollow noopener\" target=\"_blank\">musique<\/a>.<\/p>\n<p class=\" wall-content\">Suivez toute l\u2019actualit\u00e9 de vos villes et m\u00e9dias favoris en vous inscrivant \u00e0 <a href=\"https:\/\/moncompte.actu.fr\" title=\"D\u00e9couvez Mon Actu\" rel=\"nofollow noopener\" data-trk=\"{&quot;cta&quot;:{&quot;action&quot;:&quot;https:\\\/\\\/moncompte.actu.fr&quot;,&quot;category&quot;:&quot;mon compte&quot;,&quot;from&quot;:&quot;article footer&quot;,&quot;name&quot;:&quot;Mon actu&quot;,&quot;type&quot;:&quot;cta&quot;}}\" target=\"_blank\">Mon Actu<\/a>.<\/p>\n","protected":false},"excerpt":{"rendered":"Par Aur\u00e9lien Burban Publi\u00e9 le 10 mai 2025 \u00e0 13h21 Une personnalit\u00e9, dans un costume, en train de&hellip;\n","protected":false},"author":2,"featured_media":89536,"comment_status":"","ping_status":"","sticky":false,"template":"","format":"standard","meta":{"footnotes":""},"categories":[1356],"tags":[58,59,1011,27,1314,104,252,1364],"class_list":{"0":"post-89535","1":"post","2":"type-post","3":"status-publish","4":"format-standard","5":"has-post-thumbnail","7":"category-television","8":"tag-divertissement","9":"tag-entertainment","10":"tag-fr","11":"tag-france","12":"tag-series","13":"tag-societe","14":"tag-television","15":"tag-tv"},"share_on_mastodon":{"url":"https:\/\/pubeurope.com\/@fr\/114484001119290986","error":""},"_links":{"self":[{"href":"https:\/\/www.europesays.com\/fr\/wp-json\/wp\/v2\/posts\/89535","targetHints":{"allow":["GET"]}}],"collection":[{"href":"https:\/\/www.europesays.com\/fr\/wp-json\/wp\/v2\/posts"}],"about":[{"href":"https:\/\/www.europesays.com\/fr\/wp-json\/wp\/v2\/types\/post"}],"author":[{"embeddable":true,"href":"https:\/\/www.europesays.com\/fr\/wp-json\/wp\/v2\/users\/2"}],"replies":[{"embeddable":true,"href":"https:\/\/www.europesays.com\/fr\/wp-json\/wp\/v2\/comments?post=89535"}],"version-history":[{"count":0,"href":"https:\/\/www.europesays.com\/fr\/wp-json\/wp\/v2\/posts\/89535\/revisions"}],"wp:featuredmedia":[{"embeddable":true,"href":"https:\/\/www.europesays.com\/fr\/wp-json\/wp\/v2\/media\/89536"}],"wp:attachment":[{"href":"https:\/\/www.europesays.com\/fr\/wp-json\/wp\/v2\/media?parent=89535"}],"wp:term":[{"taxonomy":"category","embeddable":true,"href":"https:\/\/www.europesays.com\/fr\/wp-json\/wp\/v2\/categories?post=89535"},{"taxonomy":"post_tag","embeddable":true,"href":"https:\/\/www.europesays.com\/fr\/wp-json\/wp\/v2\/tags?post=89535"}],"curies":[{"name":"wp","href":"https:\/\/api.w.org\/{rel}","templated":true}]}}