{"id":89544,"date":"2025-05-10T14:30:08","date_gmt":"2025-05-10T14:30:08","guid":{"rendered":"https:\/\/www.europesays.com\/fr\/89544\/"},"modified":"2025-05-10T14:30:08","modified_gmt":"2025-05-10T14:30:08","slug":"proces-de-p-diddy-pour-trafic-sexuel-linquietant-message-de-justin-bieber-au-fond-du-trou","status":"publish","type":"post","link":"https:\/\/www.europesays.com\/fr\/89544\/","title":{"rendered":"Proc\u00e8s de P. Diddy pour trafic sexuel : l\u2019inqui\u00e9tant message de Justin Bieber, au fond du trou"},"content":{"rendered":"<p><a href=\"https:\/\/www.closermag.fr\/people\/justin-bieber-prostre-et-dans-un-etat-second-cette-photo-ahurissante-en-pleine-prise-de-drogue-3543303\" target=\"_blank\" rel=\"noopener\"><br \/>\nJustin Bieber<\/a> s\u2019est livr\u00e9 comme rarement sur les r\u00e9seaux<br \/>\nsociaux, vendredi 9 mai. Le chanteur de 31 ans a partag\u00e9 plusieurs<br \/>\nmessages introspectifs, o\u00f9 il \u00e9voque ses doutes, ses fautes et son<br \/>\nbesoin de r\u00e9confort spirituel. Cette prise de parole intervient<br \/>\nalors que Sean Combs, dit P. Diddy, s\u2019appr\u00eate \u00e0 compara\u00eetre dans<br \/>\nune affaire de trafic sexuel. Une concomitance qui n\u2019a pas \u00e9chapp\u00e9<br \/>\n\u00e0 ses fans, inquiets de l\u2019\u00e9tat moral de l\u2019artiste.<\/p>\n<p>\u00ab\u00a0J&rsquo;ai fait du mal, sans le vouloir\u00a0\u00bb<\/p>\n<p>Dans un premier message publi\u00e9 \u00e0 la fois en story et sur son<br \/>\ncompte, suivi par plus de 294 millions de personnes, <a href=\"https:\/\/www.closermag.fr\/people\/justin-bieber-deja-au-plus-mal-il-apprend-encore-une-mauvaise-nouvelle-3540306\" target=\"_blank\" rel=\"noopener\"><br \/>\nl\u2019interpr\u00e8te de Sorry<\/a> reconna\u00eet avoir bless\u00e9 son entourage :<br \/>\n\u00ab\u00a0Je continue \u00e0 dire et faire des choses qui blessent les<br \/>\nautres, sans le vouloir.\u00a0\u00bb Il d\u00e9crit un combat personnel entre<br \/>\nculpabilit\u00e9 et volont\u00e9 de progresser : \u00ab\u00a0Je me suis r\u00e9veill\u00e9 ce<br \/>\nmatin avec une nouvelle chance de grandir et d\u2019\u00eatre moins \u00e9go\u00efste<br \/>\naujourd\u2019hui.\u00a0\u00bb<\/p>\n<p>Plus loin, l\u2019artiste insiste sur l\u2019importance de l\u2019amour, qu\u2019il<br \/>\nd\u00e9peint comme une force qui \u00ab\u00a0attire\u00a0\u00bb, qui \u00ab\u00a0ne condamne<br \/>\npas\u00a0\u00bb et qui \u00ab\u00a0endure tout\u00a0\u00bb. Il rappelle aussi que<br \/>\n\u00ab\u00a0l\u2019amour ne tient pas compte du mal\u00a0\u00bb et qu\u2019il permet de<br \/>\n\u00ab\u00a0pardonner m\u00eame ses ennemis\u00a0\u00bb. Ces r\u00e9flexions font \u00e9cho aux<br \/>\ninterrogations existentielles qu\u2019il partage depuis plusieurs mois,<br \/>\nsouvent teint\u00e9es de spiritualit\u00e9 et de vuln\u00e9rabilit\u00e9 assum\u00e9e.<\/p>\n<p>Une peur d&rsquo;\u00eatre \u00ab\u00a0d\u00e9masqu\u00e9\u00a0\u00bb<\/p>\n<p>Dans une seconde publication, Justin Bieber va plus loin encore<br \/>\nen exposant ses peurs les plus profondes. Il avoue craindre d&rsquo;\u00eatre<br \/>\n\u00ab\u00a0d\u00e9masqu\u00e9\u00a0\u00bb s\u2019il se montre trop honn\u00eate : \u00ab\u00a0J\u2019ai parfois<br \/>\npeur que si j\u2019admettais \u00e0 quel point je suis \u00e9go\u00efste, on ne<br \/>\nm\u2019aimerait plus.\u00a0\u00bb Un aveu qui r\u00e9v\u00e8le une angoisse de ne pas<br \/>\n\u00eatre \u00e0 la hauteur des attentes de ses proches et de son public.<\/p>\n<p>Il poursuit : \u00ab\u00a0Je pensais que si j&rsquo;\u00e9tais honn\u00eate au sujet de<br \/>\nmes pens\u00e9es \u00e9go\u00efstes, je serais disqualifi\u00e9 des r\u00eaves que j\u2019avais<br \/>\nde faire partie de quelque chose.\u00a0\u00bb Pourtant, selon lui, cette<br \/>\nsinc\u00e9rit\u00e9 lui aurait apport\u00e9 une forme de \u00ab\u00a0libert\u00e9\u00a0\u00bb. Une<br \/>\nlib\u00e9ration fragile, tant ses messages laissent transpara\u00eetre une<br \/>\nforme d\u2019instabilit\u00e9 \u00e9motionnelle, voire de d\u00e9tresse.<\/p>\n<p>Une confession sous haute tension<\/p>\n<p>Le contexte ne fait qu\u2019accentuer l\u2019inqui\u00e9tude. En effet, ces<br \/>\npublications interviennent \u00e0 quelques jours du d\u00e9but du proc\u00e8s tr\u00e8s<br \/>\nattendu de <a href=\"https:\/\/www.closermag.fr\/people\/proces-de-p-diddy-pour-trafic-sexuel-son-avocat-rappele-a-lordre-apres-un-commentaire-hors-sol-3543485\" target=\"_blank\" rel=\"noopener\"><br \/>\nP. Diddy<\/a>, mis en cause dans une affaire de trafic sexuel. Ce<br \/>\ndernier a longtemps \u00e9t\u00e9 consid\u00e9r\u00e9 comme le mentor de Justin Bieber<br \/>\nau d\u00e9but de sa carri\u00e8re. Bien que le chanteur canadien n\u2019ait fait<br \/>\naucun lien direct avec l\u2019affaire, la co\u00efncidence n\u2019est pas pass\u00e9e<br \/>\ninaper\u00e7ue.<\/p>\n<p>Dans une autre publication, il confie : \u00ab\u00a0Je ne peux pas<br \/>\ncontr\u00f4ler comment je vais me sentir.\u00a0\u00bb Il d\u00e9crit des matin\u00e9es<br \/>\no\u00f9 il se r\u00e9veille tant\u00f4t optimiste, tant\u00f4t abattu, et reconna\u00eet<br \/>\navoir eu tendance \u00e0 \u00ab\u00a0bl\u00e2mer Dieu pour ces mauvais<br \/>\nsentiments\u00a0\u00bb plut\u00f4t que de chercher \u00e0 en discuter avec lui.<\/p>\n<p>Cette succession de messages, ponctu\u00e9s de citations bibliques et<br \/>\nde confessions douloureuses, pr\u00e9occupe les fans du chanteur<br \/>\ncanadien et alimente les doutes sur sa sant\u00e9 mentale. Affaire \u00e0<br \/>\nsuivre\u00a0!<\/p>\n","protected":false},"excerpt":{"rendered":"Justin Bieber s\u2019est livr\u00e9 comme rarement sur les r\u00e9seaux sociaux, vendredi 9 mai. Le chanteur de 31 ans&hellip;\n","protected":false},"author":2,"featured_media":89545,"comment_status":"","ping_status":"","sticky":false,"template":"","format":"standard","meta":{"footnotes":""},"categories":[8],"tags":[548,58,59,1011,27,7317],"class_list":{"0":"post-89544","1":"post","2":"type-post","3":"status-publish","4":"format-standard","5":"has-post-thumbnail","7":"category-divertissement","8":"tag-article-simple","9":"tag-divertissement","10":"tag-entertainment","11":"tag-fr","12":"tag-france","13":"tag-justin-bieber"},"share_on_mastodon":{"url":"https:\/\/pubeurope.com\/@fr\/114484021383379939","error":""},"_links":{"self":[{"href":"https:\/\/www.europesays.com\/fr\/wp-json\/wp\/v2\/posts\/89544","targetHints":{"allow":["GET"]}}],"collection":[{"href":"https:\/\/www.europesays.com\/fr\/wp-json\/wp\/v2\/posts"}],"about":[{"href":"https:\/\/www.europesays.com\/fr\/wp-json\/wp\/v2\/types\/post"}],"author":[{"embeddable":true,"href":"https:\/\/www.europesays.com\/fr\/wp-json\/wp\/v2\/users\/2"}],"replies":[{"embeddable":true,"href":"https:\/\/www.europesays.com\/fr\/wp-json\/wp\/v2\/comments?post=89544"}],"version-history":[{"count":0,"href":"https:\/\/www.europesays.com\/fr\/wp-json\/wp\/v2\/posts\/89544\/revisions"}],"wp:featuredmedia":[{"embeddable":true,"href":"https:\/\/www.europesays.com\/fr\/wp-json\/wp\/v2\/media\/89545"}],"wp:attachment":[{"href":"https:\/\/www.europesays.com\/fr\/wp-json\/wp\/v2\/media?parent=89544"}],"wp:term":[{"taxonomy":"category","embeddable":true,"href":"https:\/\/www.europesays.com\/fr\/wp-json\/wp\/v2\/categories?post=89544"},{"taxonomy":"post_tag","embeddable":true,"href":"https:\/\/www.europesays.com\/fr\/wp-json\/wp\/v2\/tags?post=89544"}],"curies":[{"name":"wp","href":"https:\/\/api.w.org\/{rel}","templated":true}]}}