{"id":895931,"date":"2026-04-27T13:54:21","date_gmt":"2026-04-27T13:54:21","guid":{"rendered":"https:\/\/www.europesays.com\/fr\/895931\/"},"modified":"2026-04-27T13:54:21","modified_gmt":"2026-04-27T13:54:21","slug":"meteo-grele-orage-et-averses-une-goutte-froide-prevue-dans-le-sud-des-ce-mardi","status":"publish","type":"post","link":"https:\/\/www.europesays.com\/fr\/895931\/","title":{"rendered":"M\u00e9t\u00e9o\u00a0: Gr\u00eale, orage et averses\u2026 Une goutte froide pr\u00e9vue dans le Sud d\u00e8s ce mardi"},"content":{"rendered":"<p>Fini <a href=\"https:\/\/www.20minutes.fr\/dossier\/soleil\" class=\"c-link c-link--is-underlined\" rel=\"nofollow noopener\" target=\"_blank\">le soleil<\/a> et la douceur printani\u00e8re. A partir de ce mardi, une <a href=\"https:\/\/www.20minutes.fr\/societe\/3075011-20210701-goutte-froide-apporte-pluies-orages-juin\" class=\"c-link c-link--is-underlined\" rel=\"nofollow noopener\" target=\"_blank\">goutte froide<\/a> va appara\u00eetre dans le sud de la France ou des orages sont attendus, d\u00e9voile la Cha\u00eene m\u00e9t\u00e9o sur son compte X.<\/p>\n<p>Si le temps estival va continuer sur la partie nord du pays gr\u00e2ce \u00e0 la pr\u00e9sence d\u2019un <a href=\"https:\/\/www.20minutes.fr\/planete\/rechauffement-climatique\/4072867-20240126-meteo-quoi-anticyclone-apporte-plein-hiver\" class=\"c-link c-link--is-underlined\" rel=\"nofollow noopener\" target=\"_blank\">anticyclone<\/a> britannique qui bloque l\u2019arriv\u00e9e des d\u00e9pressions, une goutte froide va traverser le \u00ab\u00a0sud du pays, des Alpes aux <a href=\"https:\/\/www.20minutes.fr\/dossier\/pyrenees\" class=\"c-link c-link--is-underlined\" rel=\"nofollow noopener\" target=\"_blank\">Pyr\u00e9n\u00e9es<\/a>, avec quelques pluies\u00a0\u00bb.<\/p>\n<p>La fa\u00e7ade atlantique concern\u00e9e toute la semaine<\/p>\n<p>Pour la journ\u00e9e de lundi, le soleil restera encore pr\u00e9sent sur une bonne partie du pays, mais des orages devraient tout de m\u00eame faire leur apparition du c\u00f4t\u00e9 des Pyr\u00e9n\u00e9es, dans la soir\u00e9e.<\/p>\n<p class=\"mb-m@xs text-l@xs\">En cliquant sur\u00ab J\u2019accepte \u00bb, vous acceptez le d\u00e9p\u00f4t de cookies par des services externes et aurez ainsi acc\u00e8s aux contenus de nos partenaires.<\/p>\n<p class=\"mb-xl@xs text-s@xs\">Plus d\u2019informations sur la page<a href=\"https:\/\/www.20minutes.fr\/gestion-cookies\" class=\"mx-xxs@xs color-ultramarine\" rel=\"nofollow noopener\" target=\"_blank\">Politique de gestion des cookies<\/a><\/p>\n<p>J\u2019accepte<\/p>\n<p>Entrant sur le territoire par le sud-ouest, cette goutte froide devrait ensuite \u00ab\u00a0remonter en longeant la fa\u00e7ade atlantique et s\u2019accompagner d\u2019averses dans l\u2019Ouest. En revanche, au nord-est, l\u2019influence de l\u2019anticyclone nord europ\u00e9en maintiendra un temps sec jusqu\u2019au 1er\u00a0mai\u00a0\u00bb, indique la Cha\u00eene m\u00e9t\u00e9o.<\/p>\n<p>Le mauvais temps devrait perdurer mercredi avec des pr\u00e9cipitations le long de la c\u00f4te atlantique avant de s\u2019adoucir jeudi et vendredi avec des temp\u00e9ratures de 22 \u00e0 25\u00a0\u00b0C du nord au sud. Mais le site sp\u00e9cialis\u00e9 indique que la goutte froide se situera \u00ab\u00a0sur le proche Atlantique\u00a0\u00bb et qu\u2019elle devrait maintenir un ciel mena\u00e7ant sur une bonne partie de l\u2019Hexagone \u00ab\u00a0dans une ambiance un peu lourde et orageuse\u00a0\u00bb.<\/p>\n","protected":false},"excerpt":{"rendered":"Fini le soleil et la douceur printani\u00e8re. A partir de ce mardi, une goutte froide va appara\u00eetre dans&hellip;\n","protected":false},"author":2,"featured_media":895932,"comment_status":"","ping_status":"","sticky":false,"template":"","format":"standard","meta":{"footnotes":"","_share_on_mastodon":"0"},"categories":[4],"tags":[10916,47,11,7733,1011,27,2487,2357,12,52,2723,25,104],"class_list":["post-895931","post","type-post","status-publish","format-standard","has-post-thumbnail","category-france","tag-1er-mai","tag-actualite","tag-actualites","tag-alpes","tag-fr","tag-france","tag-meteo","tag-meteo-france","tag-news","tag-planete","tag-pyrenees","tag-republique-francaise","tag-societe"],"share_on_mastodon":{"url":"https:\/\/pubeurope.com\/@fr\/116477012787461570","error":""},"_links":{"self":[{"href":"https:\/\/www.europesays.com\/fr\/wp-json\/wp\/v2\/posts\/895931","targetHints":{"allow":["GET"]}}],"collection":[{"href":"https:\/\/www.europesays.com\/fr\/wp-json\/wp\/v2\/posts"}],"about":[{"href":"https:\/\/www.europesays.com\/fr\/wp-json\/wp\/v2\/types\/post"}],"author":[{"embeddable":true,"href":"https:\/\/www.europesays.com\/fr\/wp-json\/wp\/v2\/users\/2"}],"replies":[{"embeddable":true,"href":"https:\/\/www.europesays.com\/fr\/wp-json\/wp\/v2\/comments?post=895931"}],"version-history":[{"count":0,"href":"https:\/\/www.europesays.com\/fr\/wp-json\/wp\/v2\/posts\/895931\/revisions"}],"wp:featuredmedia":[{"embeddable":true,"href":"https:\/\/www.europesays.com\/fr\/wp-json\/wp\/v2\/media\/895932"}],"wp:attachment":[{"href":"https:\/\/www.europesays.com\/fr\/wp-json\/wp\/v2\/media?parent=895931"}],"wp:term":[{"taxonomy":"category","embeddable":true,"href":"https:\/\/www.europesays.com\/fr\/wp-json\/wp\/v2\/categories?post=895931"},{"taxonomy":"post_tag","embeddable":true,"href":"https:\/\/www.europesays.com\/fr\/wp-json\/wp\/v2\/tags?post=895931"}],"curies":[{"name":"wp","href":"https:\/\/api.w.org\/{rel}","templated":true}]}}