{"id":895961,"date":"2026-04-27T14:12:16","date_gmt":"2026-04-27T14:12:16","guid":{"rendered":"https:\/\/www.europesays.com\/fr\/895961\/"},"modified":"2026-04-27T14:12:16","modified_gmt":"2026-04-27T14:12:16","slug":"le-rappeur-freeze-corleone-condamne-pour-apologie-du-terrorisme-a-nice","status":"publish","type":"post","link":"https:\/\/www.europesays.com\/fr\/895961\/","title":{"rendered":"Le rappeur Freeze Corleone condamn\u00e9 pour apologie du terrorisme \u00e0 Nice"},"content":{"rendered":"<p>L&rsquo;affaire porte sur la chanson \u00ab\u00a0Haaland\u00a0\u00bb, un duo avec le rappeur allemand Luciano, o\u00f9 Freeze Corleone semble s&rsquo;identifier \u00e0 l&rsquo;auteur de l&rsquo;attentat qui avait fait 86 morts et des centaines de bless\u00e9s sur la Promenade des Anglais \u00e0 Nice.<\/p>\n<p>M\u00eame si le nom de l&rsquo;avenue n&rsquo;est jamais prononc\u00e9, il est sugg\u00e9r\u00e9 par les rimes et le silence qui suit la phrase interrompue: \u00ab\u00a0En d\u00e9fense j&rsquo;suis Kalidou, t&rsquo;es Lenglet. Burberry comme un grand-p\u00e8re anglais. J&rsquo;arrive dans l&rsquo;rap comme un camion qui bombarde \u00e0 fond sur la&#8230;\u00a0\u00bb.<\/p>\n<p>\u00ab\u00a0L&rsquo;art peut et doit nous bousculer\u00a0\u00bb, avait reconnu lors de l&rsquo;audience en f\u00e9vrier le procureur de la R\u00e9publique de Nice, Damien Martinelli, avant de qualifier Freeze Corleone de \u00ab\u00a0Dieudonn\u00e9 du rap fran\u00e7ais\u00a0\u00bb en raison d'\u00a0\u00bbun fond id\u00e9ologique naus\u00e9abond et une volont\u00e9 de provocation dans une logique mercantile\u00a0\u00bb. Il avait requis 18 mois de prison avec sursis.<\/p>\n<p>Issa Lorenzo Diakhat\u00e9 &#8211; le vrai nom du rappeur de 33 ans &#8211; n&rsquo;a jamais r\u00e9agi: il a choisi le silence pendant l&rsquo;enqu\u00eate et n&rsquo;est venu ni au proc\u00e8s ni au d\u00e9lib\u00e9r\u00e9.<\/p>\n<p>Son avocat, Me Adrien Chartron, a annonc\u00e9 lundi qu&rsquo;il ferait appel en d\u00e9non\u00e7ant une d\u00e9cision \u00ab\u00a0qui rel\u00e8ve plus de l&rsquo;autoritaire, du discr\u00e9tionnaire que du droit\u00a0\u00bb dans la mesure o\u00f9 la condamnation porte sur des mots qui n&rsquo;ont pas \u00e9t\u00e9 prononc\u00e9s.<\/p>\n<p>Outre la prison avec sursis et l&rsquo;amende, le rappeur a \u00e9t\u00e9 condamn\u00e9 \u00e0 verser 2.800 euros de dommages et int\u00e9r\u00eats \u00e0 chacune des parties civiles et \u00e0 une interdiction de venir dans les Alpes-Maritimes pendant trois ans.<\/p>\n<p>Plusieurs victimes de l&rsquo;attentat et associations de victimes s&rsquo;\u00e9taient port\u00e9es parties civiles pour d\u00e9noncer un usage commercial de leur souffrance et avaient am\u00e8rement regrett\u00e9 que le rappeur ne se soit pas pr\u00e9sent\u00e9 au proc\u00e8s, ne serait-ce que pour les \u00e9couter. <\/p>\n<p>\u00ab\u00a0Je ne peux pas croire qu&rsquo;on puisse glorifier leurs cauchemars\u00a0\u00bb, avait d\u00e9clar\u00e9 Hager ben Aouissi, pr\u00e9sidente d&rsquo;une association accompagnant les enfants victimes de l&rsquo;attentat, aujourd&rsquo;hui adolescents ou jeunes adultes, le public de Freeze Corleone. \u00ab\u00a0Le terrorisme ne doit pas \u00eatre une image de puissance, \u00e7a ne peut pas \u00eatre une figure de style\u00a0\u00bb.<\/p>\n<p>L\u00e2ch\u00e9 par son label Universal Music apr\u00e8s une premi\u00e8re enqu\u00eate en 2020 pour provocation \u00e0 la haine raciale, finalement class\u00e9e sans suite, Freeze Corleone a renonc\u00e9 \u00e0 se produire en concert depuis une cascade d&rsquo;annulations pr\u00e9fectorales \u00e0 la suite de l&rsquo;ouverture de l&rsquo;enqu\u00eate ni\u00e7oise d\u00e9but 2024.<\/p>\n<p>Mais internet reste un puissant vecteur d&rsquo;influence et de revenus: l&rsquo;album \u00ab\u00a0La menace fant\u00f4me\u00a0\u00bb, d&rsquo;o\u00f9 est tir\u00e9e le duo \u00ab\u00a0Haaland\u00a0\u00bb, a enregistr\u00e9 5,2 millions d&rsquo;\u00e9coutes sur Spotify dans les 24 heures apr\u00e8s sa sortie, avait rappel\u00e9 le procureur.<\/p>\n","protected":false},"excerpt":{"rendered":"L&rsquo;affaire porte sur la chanson \u00ab\u00a0Haaland\u00a0\u00bb, un duo avec le rappeur allemand Luciano, o\u00f9 Freeze Corleone semble s&rsquo;identifier&hellip;\n","protected":false},"author":2,"featured_media":895962,"comment_status":"","ping_status":"","sticky":false,"template":"","format":"standard","meta":{"footnotes":"","_share_on_mastodon":"0"},"categories":[2819],"tags":[5734,1111,11,96069,8652,77766,1777,674,1011,27,329,96068,12,2401,471,882,6198,25,1254],"class_list":["post-895961","post","type-post","status-publish","format-standard","has-post-thumbnail","category-nice","tag-5734","tag-actu","tag-actualites","tag-apologie","tag-condamne","tag-corleone","tag-eu","tag-europe","tag-fr","tag-france","tag-france-monde","tag-freeze","tag-news","tag-nice","tag-pour","tag-provence-alpes-cote-dazur","tag-rappeur","tag-republique-francaise","tag-terrorisme"],"share_on_mastodon":{"url":"https:\/\/pubeurope.com\/@fr\/116477083930092757","error":""},"_links":{"self":[{"href":"https:\/\/www.europesays.com\/fr\/wp-json\/wp\/v2\/posts\/895961","targetHints":{"allow":["GET"]}}],"collection":[{"href":"https:\/\/www.europesays.com\/fr\/wp-json\/wp\/v2\/posts"}],"about":[{"href":"https:\/\/www.europesays.com\/fr\/wp-json\/wp\/v2\/types\/post"}],"author":[{"embeddable":true,"href":"https:\/\/www.europesays.com\/fr\/wp-json\/wp\/v2\/users\/2"}],"replies":[{"embeddable":true,"href":"https:\/\/www.europesays.com\/fr\/wp-json\/wp\/v2\/comments?post=895961"}],"version-history":[{"count":0,"href":"https:\/\/www.europesays.com\/fr\/wp-json\/wp\/v2\/posts\/895961\/revisions"}],"wp:featuredmedia":[{"embeddable":true,"href":"https:\/\/www.europesays.com\/fr\/wp-json\/wp\/v2\/media\/895962"}],"wp:attachment":[{"href":"https:\/\/www.europesays.com\/fr\/wp-json\/wp\/v2\/media?parent=895961"}],"wp:term":[{"taxonomy":"category","embeddable":true,"href":"https:\/\/www.europesays.com\/fr\/wp-json\/wp\/v2\/categories?post=895961"},{"taxonomy":"post_tag","embeddable":true,"href":"https:\/\/www.europesays.com\/fr\/wp-json\/wp\/v2\/tags?post=895961"}],"curies":[{"name":"wp","href":"https:\/\/api.w.org\/{rel}","templated":true}]}}