{"id":89606,"date":"2025-05-10T15:08:14","date_gmt":"2025-05-10T15:08:14","guid":{"rendered":"https:\/\/www.europesays.com\/fr\/89606\/"},"modified":"2025-05-10T15:08:14","modified_gmt":"2025-05-10T15:08:14","slug":"son-installation-validee-avec-moins-de-votes-que-dabstentions","status":"publish","type":"post","link":"https:\/\/www.europesays.com\/fr\/89606\/","title":{"rendered":"son installation valid\u00e9e avec moins de votes que d&rsquo;abstentions"},"content":{"rendered":"<p>Oeuvre d&rsquo;art \u00e0 1,5 million d&rsquo;euros \u00e0 Lyon : son installation valid\u00e9e avec moins de votes que d&rsquo;abstentions &#8211; LyonMag<\/p>\n<p itemprop=\"description\"><strong>On a failli ne jamais voir l&rsquo;oeuvre d&rsquo;art Tissage Urbain sur la place Bellecour \u00e0 Lyon.<\/strong><\/p>\n<p>En cours d&rsquo;installation et pr\u00e9sent\u00e9e aux Lyonnais d&rsquo;ici quelques semaines, l&rsquo;ombri\u00e8re g\u00e9ante imagin\u00e9e par l&rsquo;architecte Tristan Isra\u00ebl avait en effet son avenir entre les mains de la pr\u00e9fecture du Rh\u00f4ne.<\/p>\n<p>Comme le r\u00e9v\u00e8le le Progr\u00e8s ce samedi, les services de l&rsquo;Etat ont d\u00e9cid\u00e9, le 15 janvier dernier, lors d&rsquo;une r\u00e9union d\u00e9cisive, de ne pas couler le projet de <a href=\"https:\/\/www.lyonmag.com\/profil-personnalite-lyonnaise\/504\/gregory-doucet\" target=\"_blank\" rel=\"noopener\">Gr\u00e9gory Doucet<\/a>.<\/p>\n<p>Pourtant, la pr\u00e9fecture craint que Tissage Urbain ne soit pas compatible avec les manifestations qui se d\u00e9roulent place Bellecour. Et que les forces de l&rsquo;ordre soient oblig\u00e9es de prot\u00e9ger l&rsquo;\u0153uvre d&rsquo;art des casseurs.<\/p>\n<p>Si la sous-pr\u00e9f\u00e8te Charlotte Cr\u00e9pon n&rsquo;a pas vot\u00e9 contre, elle n&rsquo;a pas vot\u00e9 positivement pour autant. Son abstention s&rsquo;est ajout\u00e9e \u00e0 celle de six autres participants.<\/p>\n<p>Ce qui fait que sur les 13 personnes pr\u00e9sentes \u00e0 cette r\u00e9union, 7 se sont abstenues, 5 ont vot\u00e9 pour et 1 a vot\u00e9 contre.<\/p>\n<p>Malgr\u00e9 ce camouflet, les 5 votes en faveur de l&rsquo;installation temporaire de Tissage Urbain l&rsquo;ont emport\u00e9. D&rsquo;o\u00f9 le lancement du chantier il y a d\u00e9j\u00e0 plusieurs jours.<\/p>\n<p>De son c\u00f4t\u00e9, la Ville de Lyon conteste les inqui\u00e9tudes de la pr\u00e9fecture, estimant que l&rsquo;oeuvre d&rsquo;art r\u00e9pond aux enjeux de s\u00e9curit\u00e9, y compris lors des manifestations. A noter qu&rsquo;une enveloppe suppl\u00e9mentaire de 65 000 euros a \u00e9t\u00e9 d\u00e9bloqu\u00e9e pour pouvoir rajouter deux cam\u00e9ras de vid\u00e9oprotection sp\u00e9cifiques pour surveiller l&rsquo;ombri\u00e8re pol\u00e9mique\u2026<\/p>\n","protected":false},"excerpt":{"rendered":"Oeuvre d&rsquo;art \u00e0 1,5 million d&rsquo;euros \u00e0 Lyon : son installation valid\u00e9e avec moins de votes que d&rsquo;abstentions&hellip;\n","protected":false},"author":2,"featured_media":89607,"comment_status":"","ping_status":"","sticky":false,"template":"","format":"standard","meta":{"footnotes":""},"categories":[1889],"tags":[1111,11,2813,2190,2430,1109,251,1112,2811,1777,674,118,1011,27,1922,1110,1114,2428,2810,12,241,316,25,2812,517,800],"class_list":{"0":"post-89606","1":"post","2":"type-post","3":"status-publish","4":"format-standard","5":"has-post-thumbnail","7":"category-lyon","8":"tag-actu","9":"tag-actualites","10":"tag-article","11":"tag-asvel","12":"tag-auvergne-rhone-alpes","13":"tag-breves","14":"tag-culture","15":"tag-depeches","16":"tag-economique","17":"tag-eu","18":"tag-europe","19":"tag-faits-divers","20":"tag-fr","21":"tag-france","22":"tag-info","23":"tag-informations","24":"tag-infos","25":"tag-lyon","26":"tag-lyonmag","27":"tag-news","28":"tag-ol","29":"tag-politique","30":"tag-republique-francaise","31":"tag-sociale","32":"tag-sport","33":"tag-transports"},"share_on_mastodon":{"url":"https:\/\/pubeurope.com\/@fr\/114484170133200281","error":""},"_links":{"self":[{"href":"https:\/\/www.europesays.com\/fr\/wp-json\/wp\/v2\/posts\/89606","targetHints":{"allow":["GET"]}}],"collection":[{"href":"https:\/\/www.europesays.com\/fr\/wp-json\/wp\/v2\/posts"}],"about":[{"href":"https:\/\/www.europesays.com\/fr\/wp-json\/wp\/v2\/types\/post"}],"author":[{"embeddable":true,"href":"https:\/\/www.europesays.com\/fr\/wp-json\/wp\/v2\/users\/2"}],"replies":[{"embeddable":true,"href":"https:\/\/www.europesays.com\/fr\/wp-json\/wp\/v2\/comments?post=89606"}],"version-history":[{"count":0,"href":"https:\/\/www.europesays.com\/fr\/wp-json\/wp\/v2\/posts\/89606\/revisions"}],"wp:featuredmedia":[{"embeddable":true,"href":"https:\/\/www.europesays.com\/fr\/wp-json\/wp\/v2\/media\/89607"}],"wp:attachment":[{"href":"https:\/\/www.europesays.com\/fr\/wp-json\/wp\/v2\/media?parent=89606"}],"wp:term":[{"taxonomy":"category","embeddable":true,"href":"https:\/\/www.europesays.com\/fr\/wp-json\/wp\/v2\/categories?post=89606"},{"taxonomy":"post_tag","embeddable":true,"href":"https:\/\/www.europesays.com\/fr\/wp-json\/wp\/v2\/tags?post=89606"}],"curies":[{"name":"wp","href":"https:\/\/api.w.org\/{rel}","templated":true}]}}