{"id":89610,"date":"2025-05-10T15:10:31","date_gmt":"2025-05-10T15:10:31","guid":{"rendered":"https:\/\/www.europesays.com\/fr\/89610\/"},"modified":"2025-05-10T15:10:31","modified_gmt":"2025-05-10T15:10:31","slug":"la-prefecture-de-paris-abaisse-la-vitesse-de-20-km-h-sur-les-routes","status":"publish","type":"post","link":"https:\/\/www.europesays.com\/fr\/89610\/","title":{"rendered":"la pr\u00e9fecture de Paris abaisse la vitesse de 20 km\/h sur les routes"},"content":{"rendered":"<p>            Par<br \/>\n        <strong><br \/>\n            <a href=\"https:\/\/actu.fr\/auteur\/antoine-grotteria02\" title=\"Consulter tous les articles de Antoine Grotteria\" rel=\"nofollow noopener\" target=\"_blank\">Antoine Grotteria<\/a><br \/>\n        <\/strong><\/p>\n<p>        Publi\u00e9 le<\/p>\n<p>            4 janv. 2025 \u00e0 16h42        <\/p>\n<p>Prudence sur les routes. Ce samedi 4\u00a0janvier 2025, l<a href=\"https:\/\/actu.fr\/ile-de-france\/\" rel=\"nofollow noopener\" target=\"_blank\">\u2019\u00cele-de-France<\/a> va \u00eatre touch\u00e9e par un \u00e9pisode de <a href=\"https:\/\/actu.fr\/tag\/neige\" rel=\"nofollow noopener\" target=\"_blank\">neige<\/a> et de <strong>pluies vergla\u00e7antes<\/strong>. Tous les d\u00e9partements franciliens sont plac\u00e9s en <a href=\"https:\/\/vigilance.meteofrance.fr\/fr\/neige-verglas\" rel=\"nofollow noopener\" target=\"_blank\">vigilance orange<\/a> par<a href=\"https:\/\/actu.fr\/tag\/meteo-france\" rel=\"nofollow noopener\" target=\"_blank\"> M\u00e9t\u00e9o-France<\/a>. En cons\u00e9quence, la <a href=\"https:\/\/actu.fr\/tag\/prefecture-de-police-de-paris\" rel=\"nofollow noopener\" target=\"_blank\">pr\u00e9fecture de police de Paris<\/a> a d\u00e9cid\u00e9 d\u2019activer le <strong>niveau 2 du plan neige et verglas<\/strong> dans la r\u00e9gion.<\/p>\n<p>Des pluies vergla\u00e7antes attendues en fin de soir\u00e9e<\/p>\n<p class=\" wall-content\">Ce rel\u00e8vement au niveau de veille renforc\u00e9e engendre des cons\u00e9quences pour les automobilistes. La vitesse autoris\u00e9e maximale sera abaiss\u00e9e de <strong>20\u00a0km\/h<\/strong> d\u00e8s 17\u00a0heures. Tous les axes franciliens seront concern\u00e9s par cette mesure, \u00e0 l\u2019exception du boulevard p\u00e9riph\u00e9rique. Elle devrait prendre fin \u00e0 <strong>minuit<\/strong>, \u00e0 la faveur du redoux annonc\u00e9.<\/p>\n<p class=\" wall-content\">\n<p class=\" wall-content\">Plusieurs pr\u00e9fectures franciliennes ont appel\u00e9 les citoyens \u00e0 \u00ab<strong>\u2009limiter les d\u00e9placements<\/strong> et privil\u00e9gier les transports en commun\u2009\u00bb pendant le passage de cette perturbation, \u00e0 l\u2019instar de la <a href=\"https:\/\/actu.fr\/ile-de-france\/seine-saint-denis_93\" rel=\"nofollow noopener\" target=\"_blank\">Seine-Saint-Denis<\/a>. Dans ce d\u00e9partement, l\u2019alerte sera effective \u00e0 <strong>18\u00a0heures<\/strong>, comme l\u2019a indiqu\u00e9 l\u2019agence m\u00e9t\u00e9orologique, M\u00e9t\u00e9o-France, dans un bulletin.<\/p>\n<p class=\" wall-content\">\n<p class=\" wall-content\">Les pr\u00e9cipitations devraient d\u00e9barquer par le sud-ouest en fin d\u2019apr\u00e8s-midi. De faibles chutes de neige tomberont \u00e0 l\u2019ouest de l\u2019\u00cele-de-France, avant de se transformer en pluie vergla\u00e7ante \u00e0 l\u2019est de la zone perturb\u00e9e. Sur les reliefs, les hauteurs pourraient atteindre un <strong>centim\u00e8tre<\/strong>. M\u00e9t\u00e9o-France avertit qu\u2019un \u00ab\u2009\u00e9pisode de verglas temporaire\u2009\u00bb est envisag\u00e9 \u00ab\u2009dans un second temps\u2009\u00bb, \u00e0 l\u2019aube de la nuit.<\/p>\n<p class=\" wall-content\">Dimanche 5\u00a0janvier 2025, les temp\u00e9ratures seront sensiblement plus \u00e9lev\u00e9es, avec notamment <strong>11 degr\u00e9s<\/strong> dans la capitale. Les pr\u00e9cipitations se maintiendront, mais sous forme de pluies.<\/p>\n<p>Vid\u00e9os : en ce moment sur Actu<\/p>\n<p class=\" wall-content\">Suivez toute l\u2019actualit\u00e9 de vos villes et m\u00e9dias favoris en vous inscrivant \u00e0 <a href=\"https:\/\/moncompte.actu.fr\" title=\"D\u00e9couvez Mon Actu\" rel=\"nofollow noopener\" data-trk=\"{&quot;cta&quot;:{&quot;action&quot;:&quot;https:\\\/\\\/moncompte.actu.fr&quot;,&quot;category&quot;:&quot;mon compte&quot;,&quot;from&quot;:&quot;article footer&quot;,&quot;name&quot;:&quot;Mon actu&quot;,&quot;type&quot;:&quot;cta&quot;}}\" target=\"_blank\">Mon Actu<\/a>.<\/p>\n","protected":false},"excerpt":{"rendered":"Par Antoine Grotteria Publi\u00e9 le 4 janv. 2025 \u00e0 16h42 Prudence sur les routes. Ce samedi 4\u00a0janvier 2025,&hellip;\n","protected":false},"author":2,"featured_media":89611,"comment_status":"","ping_status":"","sticky":false,"template":"","format":"standard","meta":{"footnotes":""},"categories":[1592],"tags":[1111,11,1777,674,1011,27,662,2487,2357,10584,12,626,1931,25],"class_list":{"0":"post-89610","1":"post","2":"type-post","3":"status-publish","4":"format-standard","5":"has-post-thumbnail","7":"category-ile-de-france","8":"tag-actu","9":"tag-actualites","10":"tag-eu","11":"tag-europe","12":"tag-fr","13":"tag-france","14":"tag-ile-de-france","15":"tag-meteo","16":"tag-meteo-france","17":"tag-neige","18":"tag-news","19":"tag-paris","20":"tag-prefecture-de-police-de-paris","21":"tag-republique-francaise"},"share_on_mastodon":{"url":"https:\/\/pubeurope.com\/@fr\/114484177979024793","error":""},"_links":{"self":[{"href":"https:\/\/www.europesays.com\/fr\/wp-json\/wp\/v2\/posts\/89610","targetHints":{"allow":["GET"]}}],"collection":[{"href":"https:\/\/www.europesays.com\/fr\/wp-json\/wp\/v2\/posts"}],"about":[{"href":"https:\/\/www.europesays.com\/fr\/wp-json\/wp\/v2\/types\/post"}],"author":[{"embeddable":true,"href":"https:\/\/www.europesays.com\/fr\/wp-json\/wp\/v2\/users\/2"}],"replies":[{"embeddable":true,"href":"https:\/\/www.europesays.com\/fr\/wp-json\/wp\/v2\/comments?post=89610"}],"version-history":[{"count":0,"href":"https:\/\/www.europesays.com\/fr\/wp-json\/wp\/v2\/posts\/89610\/revisions"}],"wp:featuredmedia":[{"embeddable":true,"href":"https:\/\/www.europesays.com\/fr\/wp-json\/wp\/v2\/media\/89611"}],"wp:attachment":[{"href":"https:\/\/www.europesays.com\/fr\/wp-json\/wp\/v2\/media?parent=89610"}],"wp:term":[{"taxonomy":"category","embeddable":true,"href":"https:\/\/www.europesays.com\/fr\/wp-json\/wp\/v2\/categories?post=89610"},{"taxonomy":"post_tag","embeddable":true,"href":"https:\/\/www.europesays.com\/fr\/wp-json\/wp\/v2\/tags?post=89610"}],"curies":[{"name":"wp","href":"https:\/\/api.w.org\/{rel}","templated":true}]}}