{"id":89624,"date":"2025-05-10T15:18:10","date_gmt":"2025-05-10T15:18:10","guid":{"rendered":"https:\/\/www.europesays.com\/fr\/89624\/"},"modified":"2025-05-10T15:18:10","modified_gmt":"2025-05-10T15:18:10","slug":"les-negociations-commerciales-entre-les-etats-unis-et-la-chine-ont-debute-a-geneve-rts-ch","status":"publish","type":"post","link":"https:\/\/www.europesays.com\/fr\/89624\/","title":{"rendered":"Les n\u00e9gociations commerciales entre les Etats-Unis et la Chine ont d\u00e9but\u00e9 \u00e0 Gen\u00e8ve &#8211; rts.ch"},"content":{"rendered":"<p>Les premi\u00e8res discussions commerciales entre les \u00c9tats-Unis et la Chine depuis le d\u00e9clenchement de la guerre commerciale par Donald Trump ont lieu samedi \u00e0 Gen\u00e8ve pour essayer de faire baisser des tensions qui mettent \u00e0 mal les deux premi\u00e8res \u00e9conomies mondiales.<\/p>\n<p>Le dialogue a d\u00e9marr\u00e9 en milieu de matin\u00e9e, a pr\u00e9cis\u00e9 une source proche des discussions. Le secr\u00e9taire am\u00e9ricain au Tr\u00e9sor Scott Bessent a retrouv\u00e9 le vice-Premier ministre chinois en charge de l&rsquo;\u00e9conomie He Lifeng. C\u00f4t\u00e9 am\u00e9ricain, le repr\u00e9sentant au commerce Jamieson Greer est \u00e9galement pr\u00e9sent \u00e0 Gen\u00e8ve.<\/p>\n<p>D&rsquo;\u00e9ventuelles annonces pourraient venir directement de Washington ou de P\u00e9kin, au terme de la rencontre cens\u00e9e durer jusqu&rsquo;\u00e0 dimanche, mais rien n&rsquo;a filtr\u00e9 jusqu&rsquo;ici sur le contenu des discussions.<\/p>\n<p>La Suisse, qui revendique un succ\u00e8s pour ses bons offices, avait r\u00e9cemment dit aux deux parties \u00eatre pr\u00eate \u00e0 accueillir une telle rencontre si elles le souhaitaient. L&rsquo;annonce est venue mardi du secr\u00e9taire au Tr\u00e9sor am\u00e9ricain Scott Bessent qui avait gliss\u00e9 au d\u00e9tour d&rsquo;une phrase sur une cha\u00eene de t\u00e9l\u00e9vision am\u00e9ricaine qu&rsquo;il se d\u00e9placerait pour voir des interlocuteurs chinois.<\/p>\n<p><strong class=\"inline-title\">&gt;&gt; Relire\u00a0: <\/strong><a href=\"https:\/\/www.rts.ch\/info\/economie\/2025\/article\/chinois-et-americains-vont-s-entretenir-de-leurs-relations-commerciales-en-suisse-28875591.html\" data-item-id=\"richtext_link\" target=\"_blank\" rel=\"noopener\">La Suisse accueillera samedi la reprise du dialogue \u00e9conomique entre la Chine et les Etats-Unis<\/a><\/p>\n<p>Au centre des tensions entre les deux puissances depuis de nombreuses semaines, une gradation progressive dans des augmentations de droits de douane depuis les tarifs suppl\u00e9mentaires annonc\u00e9s par Donald Trump. Ces taux atteignent d\u00e9sormais 145% pour les exportations chinoises, et m\u00eame 245% pour certaines marchandises, contre 125% pour celles des Etats-Unis vers la Chine.<\/p>\n<p> &gt;&gt; Ecouter aussi les pr\u00e9cisions du 12h30\u00a0:    Les n\u00e9gociations commerciales entre les Etats-Unis et la Chine ont d\u00e9but\u00e9 \u00e0 Gen\u00e8ve \/ Le 12h30 \/ 1 min. \/ aujourd&rsquo;hui \u00e0 12:32 Pas de grand accord commercial<\/p>\n<p>Vendredi, Donald Trump a laiss\u00e9 entendre que les taxes pourraient \u00eatre ramen\u00e9es \u00e0 80%. Tout d\u00e9pendra des discussions men\u00e9es par Scott Bessent. Le pr\u00e9sident am\u00e9ricain souhaite aussi que la Chine \u00ab\u00a0ouvre son march\u00e9 aux Etats-Unis\u00a0\u00bb.<\/p>\n<p>Ces tensions entre grandes puissances fragilisent depuis des semaines l&rsquo;\u00e9conomie mondiale, y compris am\u00e9ricaine, et le commerce mondial. Scott Bessent a toutefois pr\u00e9venu qu&rsquo;il ne fallait pas s&rsquo;attendre au terme de ce week-end \u00e0 un grand accord commercial avec P\u00e9kin, mais plut\u00f4t \u00e0 une premi\u00e8re volont\u00e9 de \u00ab\u00a0d\u00e9sescalade\u00a0\u00bb. Peu d&rsquo;indications devraient filtrer de cette discussion avant son terme, selon des sources convergentes.<\/p>\n<p>Une autre discussion avec Karin Keller-Sutter<\/p>\n<p>Les Etats-Unis ont sembl\u00e9 minimiser leur volont\u00e9 de cette r\u00e9union, expliquant qu&rsquo;elle avait lieu parce que le secr\u00e9taire au Tr\u00e9sor venait en Suisse poursuivre le dialogue avec la pr\u00e9sidente de la Conf\u00e9d\u00e9ration Karin Keller-Sutter. P\u00e9kin a r\u00e9torqu\u00e9 que la rencontre \u00e9tait organis\u00e9e \u00e0 la demande de Washington.<\/p>\n<p>Les Etats-Unis exigeraient de la Chine des efforts sur l&rsquo;exportation de composants oeuvrant \u00e0 la fabrication de fentanyl, une guerre d\u00e9clar\u00e9e par Donald Trump. De son c\u00f4t\u00e9, P\u00e9kin a annonc\u00e9 mercredi des mesures de relance avant la r\u00e9union avec Washington, notamment des baisses des taux d&rsquo;int\u00e9r\u00eat et aussi une importante injection de liquidit\u00e9s.<\/p>\n<p> &gt;&gt; Revoir le sujet du 19h30 sur les enjeux de cette r\u00e9union \u00e0 Gen\u00e8ve\u00a0:   <img decoding=\"async\" class=\"embed-responsive-item\" loading=\"lazy\" src=\"https:\/\/www.europesays.com\/fr\/wp-content\/uploads\/2025\/05\/o71gnv-28876828.image\" alt=\"Guerre commerciale : la Chine et les Etats-Unis se r\u00e9uniront d\u00e8s samedi \u00e0 Gen\u00e8ve\"\/>    Guerre commerciale : la Chine et les Etats-Unis se r\u00e9uniront d\u00e8s samedi \u00e0 Gen\u00e8ve \/ 19h30 \/ 2 min. \/ mercredi \u00e0 19:30 <\/p>\n<p class=\"sources\">Julie Liardet avec afp<\/p>\n","protected":false},"excerpt":{"rendered":"Les premi\u00e8res discussions commerciales entre les \u00c9tats-Unis et la Chine depuis le d\u00e9clenchement de la guerre commerciale par&hellip;\n","protected":false},"author":2,"featured_media":89625,"comment_status":"","ping_status":"","sticky":false,"template":"","format":"standard","meta":{"footnotes":""},"categories":[1589],"tags":[11,309,2160,312,19348,75,33,6359,73,1866,10868,1146,74,12,2484,316,2543,20018,3067,1864,1865,1863,308,2744],"class_list":{"0":"post-89624","1":"post","2":"type-post","3":"status-publish","4":"format-standard","5":"has-post-thumbnail","7":"category-etats-unis","8":"tag-actualites","9":"tag-chine","10":"tag-commerce-international","11":"tag-diplomatie","12":"tag-discussion","13":"tag-donald-trump","14":"tag-economie","15":"tag-economie-et-finances","16":"tag-etats-unis","17":"tag-etats-unis-damerique","18":"tag-geneve","19":"tag-guerre","20":"tag-monde","21":"tag-news","22":"tag-pekin","23":"tag-politique","24":"tag-relations-internationales","25":"tag-scott-bessent","26":"tag-suisse","27":"tag-united-states","28":"tag-united-states-of-america","29":"tag-us","30":"tag-usa","31":"tag-washington"},"share_on_mastodon":{"url":"https:\/\/pubeurope.com\/@fr\/114484209456561508","error":""},"_links":{"self":[{"href":"https:\/\/www.europesays.com\/fr\/wp-json\/wp\/v2\/posts\/89624","targetHints":{"allow":["GET"]}}],"collection":[{"href":"https:\/\/www.europesays.com\/fr\/wp-json\/wp\/v2\/posts"}],"about":[{"href":"https:\/\/www.europesays.com\/fr\/wp-json\/wp\/v2\/types\/post"}],"author":[{"embeddable":true,"href":"https:\/\/www.europesays.com\/fr\/wp-json\/wp\/v2\/users\/2"}],"replies":[{"embeddable":true,"href":"https:\/\/www.europesays.com\/fr\/wp-json\/wp\/v2\/comments?post=89624"}],"version-history":[{"count":0,"href":"https:\/\/www.europesays.com\/fr\/wp-json\/wp\/v2\/posts\/89624\/revisions"}],"wp:featuredmedia":[{"embeddable":true,"href":"https:\/\/www.europesays.com\/fr\/wp-json\/wp\/v2\/media\/89625"}],"wp:attachment":[{"href":"https:\/\/www.europesays.com\/fr\/wp-json\/wp\/v2\/media?parent=89624"}],"wp:term":[{"taxonomy":"category","embeddable":true,"href":"https:\/\/www.europesays.com\/fr\/wp-json\/wp\/v2\/categories?post=89624"},{"taxonomy":"post_tag","embeddable":true,"href":"https:\/\/www.europesays.com\/fr\/wp-json\/wp\/v2\/tags?post=89624"}],"curies":[{"name":"wp","href":"https:\/\/api.w.org\/{rel}","templated":true}]}}