{"id":896596,"date":"2026-04-27T20:32:22","date_gmt":"2026-04-27T20:32:22","guid":{"rendered":"https:\/\/www.europesays.com\/fr\/896596\/"},"modified":"2026-04-27T20:32:22","modified_gmt":"2026-04-27T20:32:22","slug":"cite-europe-coquelles-un-magasin-evacue-apres-un-depart-de-feu","status":"publish","type":"post","link":"https:\/\/www.europesays.com\/fr\/896596\/","title":{"rendered":"Cit\u00e9 Europe Coquelles : un magasin \u00e9vacu\u00e9 apr\u00e8s un d\u00e9part de feu"},"content":{"rendered":"<p><img decoding=\"async\" class=\"\" style=\"width:100%;max-width:100%\" src=\"https:\/\/www.europesays.com\/fr\/wp-content\/uploads\/2026\/04\/WhatsApp_Image_2026_01_12_at_08_56_061777317135956-format16by9.jpeg\" alt=\"pompiers\"\/><\/p>\n<p>Les secours sont intervenus ce lundi soir \u00e0 Coquelles.<\/p>\n<p>Cr\u00e9dit : Delta FM (illustration)<\/p>\n<p>Les sapeurs-pompiers de Calais, Marquise et Saint-Omer ont \u00e9t\u00e9 d\u00e9clench\u00e9s vers 19h15 pour intervenir au sein du<strong> magasin Sport Direct. <\/strong><\/p>\n<p>\u00c0 leur arriv\u00e9e, la <strong>cellule avait \u00e9t\u00e9 rapidement \u00e9vacu\u00e9e <\/strong>par mesure de s\u00e9curit\u00e9.<\/p>\n<p>Le <strong>sinistre, d\u2019origine \u00e9lectrique,<\/strong> s\u2019est d\u00e9clar\u00e9 au niveau d\u2019une gaine technique.<\/p>\n<p>L\u2019intervention des secours a \u00e9t\u00e9 rendue plus d\u00e9licate par l\u2019impossibilit\u00e9 imm\u00e9diate de couper l\u2019alimentation \u00e9lectrique.<\/p>\n<p>Les \u00e9quipes ont n\u00e9anmoins proc\u00e9d\u00e9 \u00e0 des v\u00e9rifications approfondies et \u00e0 une surveillance du site.<\/p>\n<p>Vers 20h20, plus <strong>aucun point chaud n\u2019\u00e9tait d\u00e9tect\u00e9. <\/strong><\/p>\n<p>Les reconnaissances effectu\u00e9es ont permis de rassurer le personnel ainsi que le directeur de l\u2019\u00e9tablissement.<\/p>\n","protected":false},"excerpt":{"rendered":"Les secours sont intervenus ce lundi soir \u00e0 Coquelles. Cr\u00e9dit : Delta FM (illustration) Les sapeurs-pompiers de Calais,&hellip;\n","protected":false},"author":2,"featured_media":896597,"comment_status":"","ping_status":"","sticky":false,"template":"","format":"standard","meta":{"footnotes":"","_share_on_mastodon":"0"},"categories":[1586],"tags":[11,96115,9420,96109,96110,96112,96119,1777,674,1011,27,96114,96116,96111,82147,12,96118,96120,96121,25,37293,5153,656,96113,96117,50373],"class_list":["post-896596","post","type-post","status-publish","format-standard","has-post-thumbnail","category-europe","tag-actualites","tag-alimentation-electrique","tag-calais","tag-cite-europe","tag-coquelles","tag-depart-de-feu","tag-directeur-etablissement","tag-eu","tag-europe","tag-fr","tag-france","tag-gaine-technique","tag-intervention-des-secours","tag-magasin-evacue","tag-marquise","tag-news","tag-personnel-rassure","tag-point-chaud-detecte","tag-reconnaissances-effectuees","tag-republique-francaise","tag-saint-omer","tag-sapeurs-pompiers","tag-securite","tag-sinistre-electrique","tag-surveillance-du-site","tag-zone-commerciale"],"share_on_mastodon":{"url":"https:\/\/pubeurope.com\/@fr\/116478577761203745","error":""},"_links":{"self":[{"href":"https:\/\/www.europesays.com\/fr\/wp-json\/wp\/v2\/posts\/896596","targetHints":{"allow":["GET"]}}],"collection":[{"href":"https:\/\/www.europesays.com\/fr\/wp-json\/wp\/v2\/posts"}],"about":[{"href":"https:\/\/www.europesays.com\/fr\/wp-json\/wp\/v2\/types\/post"}],"author":[{"embeddable":true,"href":"https:\/\/www.europesays.com\/fr\/wp-json\/wp\/v2\/users\/2"}],"replies":[{"embeddable":true,"href":"https:\/\/www.europesays.com\/fr\/wp-json\/wp\/v2\/comments?post=896596"}],"version-history":[{"count":0,"href":"https:\/\/www.europesays.com\/fr\/wp-json\/wp\/v2\/posts\/896596\/revisions"}],"wp:featuredmedia":[{"embeddable":true,"href":"https:\/\/www.europesays.com\/fr\/wp-json\/wp\/v2\/media\/896597"}],"wp:attachment":[{"href":"https:\/\/www.europesays.com\/fr\/wp-json\/wp\/v2\/media?parent=896596"}],"wp:term":[{"taxonomy":"category","embeddable":true,"href":"https:\/\/www.europesays.com\/fr\/wp-json\/wp\/v2\/categories?post=896596"},{"taxonomy":"post_tag","embeddable":true,"href":"https:\/\/www.europesays.com\/fr\/wp-json\/wp\/v2\/tags?post=896596"}],"curies":[{"name":"wp","href":"https:\/\/api.w.org\/{rel}","templated":true}]}}