{"id":896714,"date":"2026-04-27T21:50:49","date_gmt":"2026-04-27T21:50:49","guid":{"rendered":"https:\/\/www.europesays.com\/fr\/896714\/"},"modified":"2026-04-27T21:50:49","modified_gmt":"2026-04-27T21:50:49","slug":"chypre-la-rtcn-denonce-un-projet-de-deploiement-de-soldats-francais-au-sud-de-lile","status":"publish","type":"post","link":"https:\/\/www.europesays.com\/fr\/896714\/","title":{"rendered":"Chypre : la RTCN d\u00e9nonce un projet de d\u00e9ploiement de soldats fran\u00e7ais au sud de l\u2019\u00eele"},"content":{"rendered":"<p style=\"overflow-wrap:break-word;text-align:justify;\">AA \/ Ankara <\/p>\n<p style=\"overflow-wrap:break-word;text-align:justify;\">Le Premier ministre de la R\u00e9publique turque de Chypre du Nord (RTCN) Unal Ustel a d\u00e9nonc\u00e9 une annonce du dirigeant de l\u2019administration grecque chypriote Nikos Christodoulides \u00e9voquant un d\u00e9ploiement de soldats fran\u00e7ais dans le sud de l\u2019\u00eele, qualifiant cette initiative de \u00ab tr\u00e8s dangereuse, provocatrice et inacceptable \u00bb.<\/p>\n<p style=\"overflow-wrap:break-word;text-align:justify;\">Selon l\u2019Agence turque chypriote (TAK), Unal Ustel a r\u00e9agi aux d\u00e9clarations de Nikos Christodoulides faites apr\u00e8s sa rencontre avec le pr\u00e9sident fran\u00e7ais Emmanuel Macron, au cours de laquelle il a \u00e9t\u00e9 indiqu\u00e9 que des soldats fran\u00e7ais pourraient \u00eatre d\u00e9ploy\u00e9s en R\u00e9publique de Chypre du Sud.<\/p>\n<p style=\"overflow-wrap:break-word;text-align:justify;\">Unal Ustel a estim\u00e9 que ces d\u00e9clarations \u00e9taient de nature \u00e0 \u00ab porter gravement atteinte \u00e0 la paix et \u00e0 la stabilit\u00e9 sur l\u2019\u00eele \u00bb, les qualifiant de mesure \u00ab provocatrice \u00bb et \u00ab inacceptable \u00bb.<\/p>\n<p style=\"overflow-wrap:break-word;text-align:justify;\">Il a affirm\u00e9 qu\u2019il existait une contradiction entre l\u2019\u00e9vocation d\u2019un nouveau processus de n\u00e9gociation et le fait, selon lui, d\u2019ignorer le peuple chypriote turc, ce qui r\u00e9v\u00e9lerait les \u00ab v\u00e9ritables intentions \u00bb de la partie chypriote grecque.<\/p>\n<p style=\"overflow-wrap:break-word;text-align:justify;\">Soulignant que toute pr\u00e9sence ou initiative militaire sur l\u2019\u00eele n\u00e9cessiterait le consentement du peuple chypriote turc, il a ajout\u00e9 que toute d\u00e9marche entreprise sans cet accord serait \u00ab nulle et non avenue au regard du droit international \u00bb.<\/p>\n<p style=\"overflow-wrap:break-word;text-align:justify;\">Dans ses d\u00e9clarations, Unal Ustel a \u00e9galement critiqu\u00e9 les propos et l\u2019attitude d\u2019Emmanuel Macron, estimant que la France, en tant que membre de l\u2019Union europ\u00e9enne, constituait l\u2019un des obstacles \u00e0 une solution \u00ab juste et durable \u00bb \u00e0 Chypre.<\/p>\n<p style=\"overflow-wrap:break-word;text-align:justify;\">Il a affirm\u00e9 que toute tentative de d\u00e9ploiement militaire de la part d\u2019un \u00c9tat membre de l\u2019Union europ\u00e9enne sur l\u2019\u00eele illustrerait une politique \u00ab incoh\u00e9rente \u00bb de l\u2019UE, ajoutant qu\u2019aucun \u00c9tat membre ne pouvait ignorer les droits souverains et la s\u00e9curit\u00e9 de la RTCN.<\/p>\n<p style=\"overflow-wrap:break-word;text-align:justify;\">Unal Ustel a appel\u00e9 la France et l\u2019Union europ\u00e9enne \u00e0 abandonner ce qu\u2019il a qualifi\u00e9 d\u2019approche \u00ab colonialiste \u00bb de la question chypriote et \u00e0 adopter une position \u00ab \u00e9quitable \u00bb.<\/p>\n<p style=\"overflow-wrap:break-word;text-align:justify;\">Il a \u00e9galement averti que toute initiative men\u00e9e en ignorant les Chypriotes turcs \u00ab recevrait la r\u00e9ponse n\u00e9cessaire \u00bb, mettant en garde contre le risque de transformer le sud de l\u2019\u00eele en base pour des forces \u00e9trang\u00e8res.<\/p>\n<p style=\"overflow-wrap:break-word;text-align:justify;\">S\u2019adressant directement \u00e0 Nikos Christodoulides, il a estim\u00e9 que cette politique ne profiterait ni aux autorit\u00e9s chypriotes grecques ni \u00e0 leur population, appelant \u00e0 renoncer \u00e0 ces \u00ab initiatives dangereuses \u00bb.<\/p>\n<p style=\"overflow-wrap:break-word;text-align:justify;\">* Traduit du turc par Serap Dogansoy<\/p>\n","protected":false},"excerpt":{"rendered":"AA \/ Ankara Le Premier ministre de la R\u00e9publique turque de Chypre du Nord (RTCN) Unal Ustel a&hellip;\n","protected":false},"author":2,"featured_media":896715,"comment_status":"","ping_status":"","sticky":false,"template":"","format":"standard","meta":{"footnotes":"","_share_on_mastodon":"0"},"categories":[1586],"tags":[11,16996,1777,674,1779,1011,27,12,25,96131,1778,364],"class_list":["post-896714","post","type-post","status-publish","format-standard","has-post-thumbnail","category-europe","tag-actualites","tag-chypre","tag-eu","tag-europe","tag-european-union","tag-fr","tag-france","tag-news","tag-republique-francaise","tag-rtcn","tag-ue","tag-union-europeenne"],"share_on_mastodon":{"url":"https:\/\/pubeurope.com\/@fr\/116478884369798273","error":""},"_links":{"self":[{"href":"https:\/\/www.europesays.com\/fr\/wp-json\/wp\/v2\/posts\/896714","targetHints":{"allow":["GET"]}}],"collection":[{"href":"https:\/\/www.europesays.com\/fr\/wp-json\/wp\/v2\/posts"}],"about":[{"href":"https:\/\/www.europesays.com\/fr\/wp-json\/wp\/v2\/types\/post"}],"author":[{"embeddable":true,"href":"https:\/\/www.europesays.com\/fr\/wp-json\/wp\/v2\/users\/2"}],"replies":[{"embeddable":true,"href":"https:\/\/www.europesays.com\/fr\/wp-json\/wp\/v2\/comments?post=896714"}],"version-history":[{"count":0,"href":"https:\/\/www.europesays.com\/fr\/wp-json\/wp\/v2\/posts\/896714\/revisions"}],"wp:featuredmedia":[{"embeddable":true,"href":"https:\/\/www.europesays.com\/fr\/wp-json\/wp\/v2\/media\/896715"}],"wp:attachment":[{"href":"https:\/\/www.europesays.com\/fr\/wp-json\/wp\/v2\/media?parent=896714"}],"wp:term":[{"taxonomy":"category","embeddable":true,"href":"https:\/\/www.europesays.com\/fr\/wp-json\/wp\/v2\/categories?post=896714"},{"taxonomy":"post_tag","embeddable":true,"href":"https:\/\/www.europesays.com\/fr\/wp-json\/wp\/v2\/tags?post=896714"}],"curies":[{"name":"wp","href":"https:\/\/api.w.org\/{rel}","templated":true}]}}