{"id":89774,"date":"2025-05-10T16:44:09","date_gmt":"2025-05-10T16:44:09","guid":{"rendered":"https:\/\/www.europesays.com\/fr\/89774\/"},"modified":"2025-05-10T16:44:09","modified_gmt":"2025-05-10T16:44:09","slug":"denise-glaser-ses-silences-ont-fait-beaucoup-de-bruit","status":"publish","type":"post","link":"https:\/\/www.europesays.com\/fr\/89774\/","title":{"rendered":"Denise Glaser, ses silences ont fait beaucoup de bruit"},"content":{"rendered":"<p><strong>S\u00c9RIE (8\/10) &#8211; <\/strong>Ils sont rentr\u00e9s dans nos foyers, ont \u00e9t\u00e9 admir\u00e9s, adul\u00e9s m\u00eame. Jusqu\u2019\u00e0 leur chute, souvent fatale, \u00e9tal\u00e9e dans la rubrique faits divers. Ce volet retrace la trajectoire de l\u2019animatrice de \u00ab\u00a0Discorama\u00a0\u00bb, une pionni\u00e8re qui a confess\u00e9 les meilleurs artistes de son temps. Avant une douloureuse travers\u00e9e du d\u00e9sert.<\/p>\n<p class=\"fig-paragraph\">Maxime le Forestier, Catherine Lara,\u00a0<a href=\"http:\/\/www.lefigaro.fr\/nantes\/le-brouillon-de-nantes-la-mythique-chanson-de-barbara-mis-en-vente-aux-encheres-20241218\" target=\"_blank\" data-fig-type=\"NewsFlash\" rel=\"noopener\" data-gtm-custom-categorie=\"navigation\" data-gtm-custom-action=\"crossclick\" data-gtm-custom-label=\"Contextuel\" data-gtm-event=\"customEventSPE\" data-fig-domain=\"LEFIGARO\">Barbara<\/a>\u00a0et tant d\u2019autres. <strong>Denise Glaser<\/strong> a \u00e9t\u00e9 la premi\u00e8re \u00e0 croire en leur talent. Elle leur a offert un coup de projecteur qui s\u2019est r\u00e9v\u00e9l\u00e9 d\u00e9cisif\u00a0: un long passage dans \u00ab Discorama\u00a0\u00bb, une \u00e9mission diffus\u00e9e entre 1959 et 1975 le dimanche \u00e0 12h30, suivie par des millions de Fran\u00e7ais. Elle est ainsi devenue l\u2019une des pionni\u00e8res de l\u2019histoire du petit \u00e9cran avec des entretiens marqu\u00e9s par des silences qui, paradoxalement, ont fait beaucoup de bruit.<\/p>\n<p class=\"fig-paragraph\">Son go\u00fbt pour la musique est n\u00e9 d\u00e8s ses tr\u00e8s jeunes ann\u00e9es. Attir\u00e9e par le classique, mais pas encore par les vari\u00e9t\u00e9s, elle r\u00eave, enfant, de devenir pianiste. \u00c0 Arras, o\u00f9 elle est n\u00e9e et o\u00f9 ses parents tiennent un magasin de v\u00eatements et de tissus, \u00ab \u00c0 la maison bleue\u00a0\u00bb, elle prend des cours de solf\u00e8ge et d\u00e9chiffre des partitions en affichant un talent \u00e9vident. Son professeur de musique lui promet un bel avenir auquel la guerre va mettre un terme pr\u00e9matur\u00e9. Sa famille \u00e9tant juive, la boutique\u2026<\/p>\n<p class=\"fig-premium-paywall__infos\">\n        Cet article est r\u00e9serv\u00e9 aux abonn\u00e9s.        Il vous reste 92% \u00e0 d\u00e9couvrir.\n    <\/p>\n<p>                <img  data- alt=\"Le Figaro\" class=\"fig-img--complete fig-img\"\/><\/p>\n<p class=\"fig-premium-paywall__title\">Je m&rsquo;informe, je m&rsquo;inspire, je m&rsquo;abonne.<\/p>\n<p class=\"fig-premium-paywall__subtitle\">D\u00e9couvrez notre offre de bienvenue.<\/p>\n<p class=\"fig-premium-paywall__connect\">\n                D\u00e9j\u00e0 abonn\u00e9\u00a0?                <a class=\"fig-premium-paywall__connect-link\" href=\"https:\/\/connect.lefigaro.fr\/login?client=tvmag_web&amp;type=main&amp;redirect_uri=https%3A%2F%2Ftvmag.lefigaro.fr%2Fprogramme-tv%2Factu-tele%2Fles-gloires-dechues-du-paf-denise-glaser-ses-silences-ont-fait-beaucoup-de-bruit-20250510\" data-js-gtm=\"{&quot;customCategorie&quot;: &quot;conversion&quot;, &quot;customAction&quot;: &quot;before_Landing_Connexion_paywall_auto&quot;, &quot;customLabel&quot;: &quot;dHZtYWcubGVmaWdhcm8uZnJfXzFmMDJkYTI2LTU4NDEtNmVlYS05MjBkLTY5MzRlNjBhODM4MF9fQXJ0aWNsZQ==_Les gloires d\u00e9chues du PAF\u00a0: Denise Glaser, ses silences ont fait beaucoup de bruit_501&quot;, &quot;customIDSPE&quot;: &quot;dHZtYWcubGVmaWdhcm8uZnJfXzFmMDJkYTI2LTU4NDEtNmVlYS05MjBkLTY5MzRlNjBhODM4MF9fQXJ0aWNsZQ==&quot;, &quot;event&quot;: &quot;customEventSPE&quot;}\" target=\"_blank\" rel=\"noopener\"><br \/>\n                    Connectez-vous<br \/>\n                <\/a>\n            <\/p>\n","protected":false},"excerpt":{"rendered":"S\u00c9RIE (8\/10) &#8211; Ils sont rentr\u00e9s dans nos foyers, ont \u00e9t\u00e9 admir\u00e9s, adul\u00e9s m\u00eame. Jusqu\u2019\u00e0 leur chute, souvent&hellip;\n","protected":false},"author":2,"featured_media":89775,"comment_status":"","ping_status":"","sticky":false,"template":"","format":"standard","meta":{"footnotes":""},"categories":[1359],"tags":[497,496,5774,499,58,59,1011,27,500,504,505,495,20045,973,503,502,501,498],"class_list":{"0":"post-89774","1":"post","2":"type-post","3":"status-publish","4":"format-standard","5":"has-post-thumbnail","7":"category-people","8":"tag-actu-tv","9":"tag-actualite-tv","10":"tag-barbara","11":"tag-buzz-tv","12":"tag-divertissement","13":"tag-entertainment","14":"tag-fr","15":"tag-france","16":"tag-medias","17":"tag-news-tele","18":"tag-news-television","19":"tag-news-tv","20":"tag-ortf","21":"tag-people","22":"tag-programme-tele","23":"tag-programme-tv","24":"tag-quiz-tv","25":"tag-tv-actu"},"share_on_mastodon":{"url":"https:\/\/pubeurope.com\/@fr\/114484547583522603","error":""},"_links":{"self":[{"href":"https:\/\/www.europesays.com\/fr\/wp-json\/wp\/v2\/posts\/89774","targetHints":{"allow":["GET"]}}],"collection":[{"href":"https:\/\/www.europesays.com\/fr\/wp-json\/wp\/v2\/posts"}],"about":[{"href":"https:\/\/www.europesays.com\/fr\/wp-json\/wp\/v2\/types\/post"}],"author":[{"embeddable":true,"href":"https:\/\/www.europesays.com\/fr\/wp-json\/wp\/v2\/users\/2"}],"replies":[{"embeddable":true,"href":"https:\/\/www.europesays.com\/fr\/wp-json\/wp\/v2\/comments?post=89774"}],"version-history":[{"count":0,"href":"https:\/\/www.europesays.com\/fr\/wp-json\/wp\/v2\/posts\/89774\/revisions"}],"wp:featuredmedia":[{"embeddable":true,"href":"https:\/\/www.europesays.com\/fr\/wp-json\/wp\/v2\/media\/89775"}],"wp:attachment":[{"href":"https:\/\/www.europesays.com\/fr\/wp-json\/wp\/v2\/media?parent=89774"}],"wp:term":[{"taxonomy":"category","embeddable":true,"href":"https:\/\/www.europesays.com\/fr\/wp-json\/wp\/v2\/categories?post=89774"},{"taxonomy":"post_tag","embeddable":true,"href":"https:\/\/www.europesays.com\/fr\/wp-json\/wp\/v2\/tags?post=89774"}],"curies":[{"name":"wp","href":"https:\/\/api.w.org\/{rel}","templated":true}]}}