{"id":89821,"date":"2025-05-10T17:12:08","date_gmt":"2025-05-10T17:12:08","guid":{"rendered":"https:\/\/www.europesays.com\/fr\/89821\/"},"modified":"2025-05-10T17:12:08","modified_gmt":"2025-05-10T17:12:08","slug":"ancien-sans-papiers-souleymane-22-ans-est-devenu-chef-boulanger-a-rennes","status":"publish","type":"post","link":"https:\/\/www.europesays.com\/fr\/89821\/","title":{"rendered":"ancien sans-papiers, Souleymane, 22 ans, est devenu chef boulanger \u00e0 Rennes"},"content":{"rendered":"<p>            Par<br \/>\n        <strong><br \/>\n            <a href=\"https:\/\/actu.fr\/auteur\/clemence-pays02-actu-fr\" title=\"Consulter tous les articles de Cl\u00e9mence Pays\" target=\"_blank\" rel=\"noopener\">Cl\u00e9mence Pays<\/a><br \/>\n        <\/strong><\/p>\n<p>        Publi\u00e9 le<\/p>\n<p>            10 mai 2025 \u00e0 19h09        <\/p>\n<p>Son histoire est de celles qui marquent les esprits. Apr\u00e8s <strong>18\u00a0mois de d\u00e9marches<\/strong> administratives et judiciaires, <strong>Souleymane Barry,<\/strong> boulanger de 22\u00a0ans \u00e0 <a href=\"https:\/\/actu.fr\/rennes\/\" target=\"_blank\" rel=\"noopener\">Rennes<\/a>, a obtenu un <strong>titre de s\u00e9jour<\/strong> lui permettant de rester en France. Nous l\u2019avions rencontr\u00e9 en septembre\u00a02023, alors qu\u2019il venait de signer un CDI avec la boulangerie Ange, situ\u00e9e rue de Saint-Malo. <a href=\"https:\/\/actu.fr\/bretagne\/rennes_35238\/il-a-trouve-une-famille-ici-a-rennes-ces-patrons-se-mobilisent-pour-leur-employe-sans-papiers_60099088.html\" target=\"_blank\" rel=\"noopener\">Une prise de risque pour Margaux et Olivier Cothenet, les g\u00e9rants, puisque le jeune homme \u00e9tait alors sans-papiers<\/a>.<\/p>\n<p class=\" wall-content\">Pour faire bouger les choses, le couple avait pris la d\u00e9cision de lancer <a href=\"https:\/\/www.change.org\/p\/un-titre-de-s%C3%A9jour-pour-souleymane-barry-apprenti-boulanger-%C3%A0-rennes?source_location=search\" target=\"_blank\" rel=\"noopener\">une p\u00e9tition<\/a> pour que leur salari\u00e9 obtienne un titre de s\u00e9jour. Un appel entendu puisque <strong>pr\u00e8s de 30\u2009000 signatures<\/strong> ont \u00e9t\u00e9 enregistr\u00e9es. Une lueur d\u2019espoir dans cet obscur tunnel administratif.<\/p>\n<p>\u00ab\u2009L\u2019avocate nous a conseill\u00e9 de ne pas le garder\u2009\u00bb<\/p>\n<p class=\" wall-content\">La carri\u00e8re en boulangerie de Souleymane Barry commence en France alors qu\u2019il est<strong> mineur,<\/strong> un statut qui lui permet d\u2019\u00eatre prot\u00e9g\u00e9 et accompagn\u00e9 par une association. C\u2019est gr\u00e2ce \u00e0 cela qu\u2019il se lance dans un <strong>CAP de boulanger.<\/strong><\/p>\n<p class=\" wall-content\">Vient la majorit\u00e9 et le temps d\u2019obtenir un titre de s\u00e9jour. Mais en mars\u00a02023, la Justice d\u00e9boute sa demande. \u00ab\u2009En fin d\u2019ann\u00e9e,<strong> j\u2019ai re\u00e7u une OQTF<\/strong> [Obligation de quitter le territoire fran\u00e7ais, N.D.L.R.]\u2009\u00bb, retrace Souleymane Barry. Avec son avocate, il fait appel de cette d\u00e9cision une premi\u00e8re fois. Refus\u00e9.<\/p>\n<p class=\" wall-content\">\u00ab\u2009Avec l\u2019OQTF, il y avait plus de pression. On lui demandait vraiment de partir. Pour nous, employeurs, <strong>c\u2019\u00e9tait aussi plus risqu\u00e9,<\/strong> avec potentiellement une amende \u00e0 notre charge, compl\u00e8te Margaux Cothenet. Notre avocate nous a conseill\u00e9 de ne pas le garder. On y croyait de moins en moins.\u2009\u00bb<\/p>\n<blockquote class=\"ac-article-quote wall-content\">\n<p>Souleymane y a toujours cru. <\/p>\n<p>    <strong>Margaux Cothenet<\/strong><br \/>\n        G\u00e9rante des boulangeries Ange rue de Saint-Malo et rue de Ch\u00e2teaugiron    <\/p><\/blockquote>\n<p class=\" wall-content\">Pourtant, les patrons de la boulangerie Ange ne baissent pas les bras. \u00ab\u2009\u00c7\u2019a demand\u00e9 du temps, de l\u2019\u00e9nergie. Mais <strong>on savait pourquoi on le faisait.<\/strong> Et on a eu raison.\u2009\u00bb<\/p>\n<p>Un soulagement et de nouveaux projets<\/p>\n<p class=\" wall-content\">Effectivement, la bonne nouvelle tombe. <strong>\u00ab\u2009Le 31\u00a0janvier 2025, j\u2019ai eu mon titre de s\u00e9jour\u2009\u00bb,<\/strong> annonce Souleymane Barry. Enfin.<\/p>\n<p class=\" wall-content\">\u00ab\u2009J\u2019ai fait <strong>plein de sacrifices<\/strong> pour arriver l\u00e0\u2009\u00bb, r\u00e9v\u00e8le pudiquement le jeune homme qui ne veut pas \u00ab\u2009[s\u2019]\u00e9taler\u2009\u00bb sur les d\u00e9tails de ce qu\u2019il a pu traverser. Pour lui, l\u2019important, c\u2019est l\u2019avenir. \u00ab\u2009Depuis 2021,<strong> j\u2019\u00e9tais bloqu\u00e9 pour plein de choses,<\/strong> comme passer le permis. Et \u00e7a y est, je vais pouvoir le faire. Je suis en train de r\u00e9viser le code\u2009\u00bb, sourit-il.<\/p>\n<p class=\" wall-content\">En parall\u00e8le de son combat pour obtenir son titre de s\u00e9jour, Souleymane Barry a poursuivi d\u2019arrache-pied son travail. D\u2019apprenti, il est pass\u00e9 salari\u00e9. <strong>\u00ab\u2009Talentueux et brillant\u2009\u00bb,<\/strong> selon les mots de sa responsable, Souleymane Barry a vu ses efforts r\u00e9compens\u00e9s.<\/p>\n<p class=\" wall-content\">Fin novembre\u00a02024, Margaux et Olivier Cothenet ont d\u00e9cid\u00e9 d\u2019<a href=\"https:\/\/actu.fr\/bretagne\/rennes_35238\/rennes-une-nouvelle-boulangerie-va-ouvrir-dans-la-zone-commerciale-du-landry_61884032.html\" target=\"_blank\" rel=\"noopener\">ouvrir une nouvelle boulangerie, rue de Ch\u00e2teaugiron<\/a>.<\/p>\n<p>De vendeur de pain ambulant \u00e0 responsable de production<\/p>\n<p class=\" wall-content\">\u00ab\u2009Pour lancer un magasin, il faut quelqu\u2019un qui respecte les process. Quelqu\u2019un de carr\u00e9 et fiable, abonde Margaux Cothenet. <strong>Souleymane s\u2019est propos\u00e9.\u2009\u00bb<\/strong> Banco. Ses patrons acceptent.<\/p>\n<blockquote class=\"ac-article-quote wall-content\">\n<p>Souleymane, c&rsquo;est quelqu&rsquo;un qui veut croquer le monde. Il se d\u00e9marque par \u00e7a.<\/p>\n<p>    <strong>Margaux Cothenet<\/strong><br \/>\n        G\u00e9rante des boulangeries Ange rue de Saint-Malo et rue de Ch\u00e2teaugiron    <\/p><\/blockquote>\n<p class=\" wall-content\">Bien que le jeune boulanger doive \u00ab\u2009travailler son management et sa communication\u2009\u00bb, depuis ces deux bonnes nouvelles, <strong>\u00ab\u2009il est plus souriant, plus \u00e0 l\u2019aise\u2009\u00bb,<\/strong> assure la g\u00e9rante.<\/p>\n<blockquote class=\"ac-article-quote wall-content\">\n<p>C&rsquo;est une fiert\u00e9 pour moi. J&rsquo;ai la passion comme jamais. <\/p>\n<p>    <strong>Souleymane Barry<\/strong><br \/>\n        Chef boulanger chez Ange    <\/p><\/blockquote>\n<p class=\" wall-content\">Fier de sa r\u00e9ussite, Souleymane Barry garde toutefois la t\u00eate froide. \u00ab\u2009J\u2019aime le travail manuel, me lever t\u00f4t\u2026 Mais <strong>sans mes patrons, je ne serai pas l\u00e0\u2009\u00bb,<\/strong> rapporte celui qui vendait du pain au march\u00e9 ambulant en Guin\u00e9e quand il \u00e9tait adolescent.<\/p>\n<p class=\" wall-content\">\u00c0 pr\u00e9sent, le Rennais poursuit son travail, dans un but\u2009: ouvrir sa propre boulangerie.<\/p>\n<p class=\" wall-content\">Suivez toute l\u2019actualit\u00e9 de vos villes et m\u00e9dias favoris en vous inscrivant \u00e0 <a href=\"https:\/\/moncompte.actu.fr\" title=\"D\u00e9couvez Mon Actu\" rel=\"nofollow noopener\" data-trk=\"{&quot;cta&quot;:{&quot;action&quot;:&quot;https:\\\/\\\/moncompte.actu.fr&quot;,&quot;category&quot;:&quot;mon compte&quot;,&quot;from&quot;:&quot;article footer&quot;,&quot;name&quot;:&quot;Mon actu&quot;,&quot;type&quot;:&quot;cta&quot;}}\" target=\"_blank\">Mon Actu<\/a>.<\/p>\n","protected":false},"excerpt":{"rendered":"Par Cl\u00e9mence Pays Publi\u00e9 le 10 mai 2025 \u00e0 19h09 Son histoire est de celles qui marquent les&hellip;\n","protected":false},"author":2,"featured_media":89822,"comment_status":"","ping_status":"","sticky":false,"template":"","format":"standard","meta":{"footnotes":""},"categories":[2821],"tags":[1111,11,829,1777,674,1011,27,1251,12,584,25,104,3400,240],"class_list":{"0":"post-89821","1":"post","2":"type-post","3":"status-publish","4":"format-standard","5":"has-post-thumbnail","7":"category-rennes","8":"tag-actu","9":"tag-actualites","10":"tag-bretagne","11":"tag-eu","12":"tag-europe","13":"tag-fr","14":"tag-france","15":"tag-migrants","16":"tag-news","17":"tag-rennes","18":"tag-republique-francaise","19":"tag-societe","20":"tag-solidarite","21":"tag-temoignage"},"share_on_mastodon":{"url":"https:\/\/pubeurope.com\/@fr\/114484657906374188","error":""},"_links":{"self":[{"href":"https:\/\/www.europesays.com\/fr\/wp-json\/wp\/v2\/posts\/89821","targetHints":{"allow":["GET"]}}],"collection":[{"href":"https:\/\/www.europesays.com\/fr\/wp-json\/wp\/v2\/posts"}],"about":[{"href":"https:\/\/www.europesays.com\/fr\/wp-json\/wp\/v2\/types\/post"}],"author":[{"embeddable":true,"href":"https:\/\/www.europesays.com\/fr\/wp-json\/wp\/v2\/users\/2"}],"replies":[{"embeddable":true,"href":"https:\/\/www.europesays.com\/fr\/wp-json\/wp\/v2\/comments?post=89821"}],"version-history":[{"count":0,"href":"https:\/\/www.europesays.com\/fr\/wp-json\/wp\/v2\/posts\/89821\/revisions"}],"wp:featuredmedia":[{"embeddable":true,"href":"https:\/\/www.europesays.com\/fr\/wp-json\/wp\/v2\/media\/89822"}],"wp:attachment":[{"href":"https:\/\/www.europesays.com\/fr\/wp-json\/wp\/v2\/media?parent=89821"}],"wp:term":[{"taxonomy":"category","embeddable":true,"href":"https:\/\/www.europesays.com\/fr\/wp-json\/wp\/v2\/categories?post=89821"},{"taxonomy":"post_tag","embeddable":true,"href":"https:\/\/www.europesays.com\/fr\/wp-json\/wp\/v2\/tags?post=89821"}],"curies":[{"name":"wp","href":"https:\/\/api.w.org\/{rel}","templated":true}]}}