{"id":89825,"date":"2025-05-10T17:14:18","date_gmt":"2025-05-10T17:14:18","guid":{"rendered":"https:\/\/www.europesays.com\/fr\/89825\/"},"modified":"2025-05-10T17:14:18","modified_gmt":"2025-05-10T17:14:18","slug":"om-monaco-strasbourg-ol-lutte-infernale-pour-la-ligue-des-champions-suivez-tous-les-matchs-avec-nous","status":"publish","type":"post","link":"https:\/\/www.europesays.com\/fr\/89825\/","title":{"rendered":"OM, Monaco, Strasbourg, OL&#8230; Lutte infernale pour la Ligue des champions&#8230; Suivez tous les matchs avec nous&#8230;"},"content":{"rendered":"<p>On approche de la fin (et on voit d\u00e9j\u00e0 quelques larmes de tristesse couler sur vos belles joues) ! Plus que deux journ\u00e9es du meilleur championnat du monde avant la pause estivale. Mais deux journ\u00e9es qui promettent monts et merveilles, notamment dans la course \u00e0 la qualification pour la Ligue des champions. Six \u00e9quipes sont encore en course et on est \u00e0 peu pr\u00e8s certains qu&rsquo;il y aura des d\u00e9g\u00e2ts d\u00e8s ce soir. Alors, qui de Marseille, Monaco, Nice, Strasbourg, Lille ou Lyon fera la mauvaise affaire dans cette lutte acharn\u00e9e pour la C1 et ses millions. Moins vendeur mais tout aussi important, la bagarre pour rester dans l&rsquo;\u00e9lite sera \u00e0 suivre attentivement entre Saint-Etienne, Le Havre et Nantes. On va se r\u00e9galer.<\/p>\n<p>&gt;&gt; Suivez le multiplex avec nous d\u00e8s 20 heures<\/p>\n","protected":false},"excerpt":{"rendered":"On approche de la fin (et on voit d\u00e9j\u00e0 quelques larmes de tristesse couler sur vos belles joues)&hellip;\n","protected":false},"author":2,"featured_media":89826,"comment_status":"","ping_status":"","sticky":false,"template":"","format":"standard","meta":{"footnotes":""},"categories":[2820],"tags":[1111,11,2266,1777,674,462,1011,27,775,66,447,12,2268,2333,2853,2332,4448,25,517,640],"class_list":{"0":"post-89825","1":"post","2":"type-post","3":"status-publish","4":"format-standard","5":"has-post-thumbnail","7":"category-strasbourg","8":"tag-actu","9":"tag-actualites","10":"tag-as-monaco","11":"tag-eu","12":"tag-europe","13":"tag-fc-nantes","14":"tag-fr","15":"tag-france","16":"tag-grand-est","17":"tag-ligue-1","18":"tag-ligue-des-champions","19":"tag-news","20":"tag-ogc-nice","21":"tag-olympique-de-marseille-om","22":"tag-olympique-lyonnais-ol","23":"tag-paris-saint-germain-psg","24":"tag-rc-strasbourg","25":"tag-republique-francaise","26":"tag-sport","27":"tag-strasbourg"},"share_on_mastodon":{"url":"https:\/\/pubeurope.com\/@fr\/114484665574766074","error":""},"_links":{"self":[{"href":"https:\/\/www.europesays.com\/fr\/wp-json\/wp\/v2\/posts\/89825","targetHints":{"allow":["GET"]}}],"collection":[{"href":"https:\/\/www.europesays.com\/fr\/wp-json\/wp\/v2\/posts"}],"about":[{"href":"https:\/\/www.europesays.com\/fr\/wp-json\/wp\/v2\/types\/post"}],"author":[{"embeddable":true,"href":"https:\/\/www.europesays.com\/fr\/wp-json\/wp\/v2\/users\/2"}],"replies":[{"embeddable":true,"href":"https:\/\/www.europesays.com\/fr\/wp-json\/wp\/v2\/comments?post=89825"}],"version-history":[{"count":0,"href":"https:\/\/www.europesays.com\/fr\/wp-json\/wp\/v2\/posts\/89825\/revisions"}],"wp:featuredmedia":[{"embeddable":true,"href":"https:\/\/www.europesays.com\/fr\/wp-json\/wp\/v2\/media\/89826"}],"wp:attachment":[{"href":"https:\/\/www.europesays.com\/fr\/wp-json\/wp\/v2\/media?parent=89825"}],"wp:term":[{"taxonomy":"category","embeddable":true,"href":"https:\/\/www.europesays.com\/fr\/wp-json\/wp\/v2\/categories?post=89825"},{"taxonomy":"post_tag","embeddable":true,"href":"https:\/\/www.europesays.com\/fr\/wp-json\/wp\/v2\/tags?post=89825"}],"curies":[{"name":"wp","href":"https:\/\/api.w.org\/{rel}","templated":true}]}}