{"id":89853,"date":"2025-05-10T17:29:14","date_gmt":"2025-05-10T17:29:14","guid":{"rendered":"https:\/\/www.europesays.com\/fr\/89853\/"},"modified":"2025-05-10T17:29:14","modified_gmt":"2025-05-10T17:29:14","slug":"lyon-3e-lancienne-clinique-vialar-devient-un-nouveau-lieu-doccupation-temporaire","status":"publish","type":"post","link":"https:\/\/www.europesays.com\/fr\/89853\/","title":{"rendered":"Lyon 3e. L\u2019ancienne clinique Vialar devient un nouveau lieu d\u2019occupation temporaire"},"content":{"rendered":"<p>Et si l\u2019attente devenait une opportunit\u00e9\u00a0? L\u00e0 o\u00f9 s\u2019\u00e9levait jadis la clinique Vialar*, s\u2019ouvre aujourd\u2019hui un tout autre horizon.<\/p>\n<p>Sur ce site promis \u00e0 une reconversion \u00e0 long terme, Lyon M\u00e9tropole Habitat a choisi de ne pas laisser le vide s\u2019installer. Pendant 24 mois, l\u2019espace Le Paul Bert accueillera une vingtaine de structures engag\u00e9es.<\/p>\n<p>Blandine Collin, pr\u00e9sidente de Lyon M\u00e9tropole Habitat, a soulign\u00e9 l\u2019enjeu de cette initiative\u00a0: \u00ab\u00a0Nous l\u2019avons d\u00e9j\u00e0 fait sur d\u2019autres lieux. C\u2019est notre 3e lieu d\u2019occupation temporaire et c\u2019est le plus grand [\u2026]. Le principe a d\u00e9j\u00e0 d\u00e9montr\u00e9 son int\u00e9r\u00eat qui est&#8230;<\/p>\n","protected":false},"excerpt":{"rendered":"Et si l\u2019attente devenait une opportunit\u00e9\u00a0? L\u00e0 o\u00f9 s\u2019\u00e9levait jadis la clinique Vialar*, s\u2019ouvre aujourd\u2019hui un tout autre&hellip;\n","protected":false},"author":2,"featured_media":89854,"comment_status":"","ping_status":"","sticky":false,"template":"","format":"standard","meta":{"footnotes":""},"categories":[1889],"tags":[1111,11,2430,2757,1777,674,1011,27,2428,4751,4750,12,25,104],"class_list":{"0":"post-89853","1":"post","2":"type-post","3":"status-publish","4":"format-standard","5":"has-post-thumbnail","7":"category-lyon","8":"tag-actu","9":"tag-actualites","10":"tag-auvergne-rhone-alpes","11":"tag-edition-lyon-villeurbanne","12":"tag-eu","13":"tag-europe","14":"tag-fr","15":"tag-france","16":"tag-lyon","17":"tag-lyon-3e","18":"tag-lyon-3e-arrondissement","19":"tag-news","20":"tag-republique-francaise","21":"tag-societe"},"share_on_mastodon":{"url":"https:\/\/pubeurope.com\/@fr\/114484724637915883","error":""},"_links":{"self":[{"href":"https:\/\/www.europesays.com\/fr\/wp-json\/wp\/v2\/posts\/89853","targetHints":{"allow":["GET"]}}],"collection":[{"href":"https:\/\/www.europesays.com\/fr\/wp-json\/wp\/v2\/posts"}],"about":[{"href":"https:\/\/www.europesays.com\/fr\/wp-json\/wp\/v2\/types\/post"}],"author":[{"embeddable":true,"href":"https:\/\/www.europesays.com\/fr\/wp-json\/wp\/v2\/users\/2"}],"replies":[{"embeddable":true,"href":"https:\/\/www.europesays.com\/fr\/wp-json\/wp\/v2\/comments?post=89853"}],"version-history":[{"count":0,"href":"https:\/\/www.europesays.com\/fr\/wp-json\/wp\/v2\/posts\/89853\/revisions"}],"wp:featuredmedia":[{"embeddable":true,"href":"https:\/\/www.europesays.com\/fr\/wp-json\/wp\/v2\/media\/89854"}],"wp:attachment":[{"href":"https:\/\/www.europesays.com\/fr\/wp-json\/wp\/v2\/media?parent=89853"}],"wp:term":[{"taxonomy":"category","embeddable":true,"href":"https:\/\/www.europesays.com\/fr\/wp-json\/wp\/v2\/categories?post=89853"},{"taxonomy":"post_tag","embeddable":true,"href":"https:\/\/www.europesays.com\/fr\/wp-json\/wp\/v2\/tags?post=89853"}],"curies":[{"name":"wp","href":"https:\/\/api.w.org\/{rel}","templated":true}]}}