{"id":90010,"date":"2025-05-10T18:56:05","date_gmt":"2025-05-10T18:56:05","guid":{"rendered":"https:\/\/www.europesays.com\/fr\/90010\/"},"modified":"2025-05-10T18:56:05","modified_gmt":"2025-05-10T18:56:05","slug":"finale-de-volley-entre-tours-et-poitiers-annulee-a-lawson-body-la-fan-zone-maintenue-a-buxerolles-lanouvellerepublique-fr","status":"publish","type":"post","link":"https:\/\/www.europesays.com\/fr\/90010\/","title":{"rendered":"Finale de volley entre Tours et Poitiers : annul\u00e9e \u00e0 Lawson-Body, la fan zone maintenue \u00e0 Buxerolles &#8211; lanouvellerepublique.fr"},"content":{"rendered":"<ol>\n<li><a href=\"https:\/\/news.google.com\/rss\/articles\/CBMi_wFBVV95cUxPOFA5SVkxRFNjTDVKdFEyODRzcU1JdFZtd0g4NnJ4Q2hFVURIZ0xub3dSVHZROWZoU1JuTGw2cmppZGZpTzV4R3ZZVU42cDdjSGhfRGlnVWRUdE53bW0xaVc2X1diTEV3RVRoZ1VkZ195Rm5XTmU4dmZHcG5DSGR4WUFGckZOTHhoZnNVUV9FeWZkdE1QNmh3UzA1UmRMWnFIeGxzZWtoeTBEQzNfYVh2U215VkwtYWlSODhqSnZGWEdoVW9jOGw4LVlkaUZTWGZJdnpMa0YtWHZYYWlsblExQk82M1M0VURvU3lsMk12LXlOSkV6RzFFLXNxaDlqTHc?oc=5\" target=\"_blank\" rel=\"nofollow noopener\">Finale de volley entre Tours et Poitiers : annul\u00e9e \u00e0 Lawson-Body, la fan zone maintenue \u00e0 Buxerolles<\/a>&nbsp;&nbsp;lanouvellerepublique.fr<\/li>\n<li><a href=\"https:\/\/news.google.com\/rss\/articles\/CBMixgFBVV95cUxNNlYtVnNWX0RDaXk1eU5OMTktaUpBNThwSjVGQkI2SC1vRTdnSHJvbDM2a0t4SUw2SXBFWHBqSjNKVnlaYks4bGlyR2NDY3U2ZXR5RWE0bnpHVERXVWhtLW80ZXRxaUVnTWxDMUJHNmNNOGp2cVhLS0FJT0JkRi15TUs5RlhvVmluRWxhNUVaaXZIb05qNllnSG5sOFRTWjQyZFpzZjFsaGdOYjhES3hBMy1aZUF3eWd4Y3M1cWJySnFfUXdrOHc?oc=5\" target=\"_blank\" rel=\"nofollow noopener\">Un choc de ph\u00e9nix entre Poitiers et Tours en finale de Marmara SpikeLigue<\/a>&nbsp;&nbsp;L&rsquo;\u00c9quipe<\/li>\n<li><a href=\"https:\/\/news.google.com\/rss\/articles\/CBMivgFBVV95cUxNTmhSNHVVZjljcFFCenM4cXcwdlZxMFNtWlBXc3RaY3RpZ3RRSWdoVEVaM1lsUGM0OHBaY1NvNlF3Y09WeUtKTG1yT0t2MWNKamdOWi1zUGVtd2dkRTFwX19NMTN2TUNndC1XNDA5VkhJS2hOZHFsYkhtODNPbjRNUVh3U01UYm1OaXFIWWdyOUg0aS1oaXd4SWFTLVpKRmY4WENiNlpyczhBZW91enh3bVB6LWlkdHRYU2hic0Z3?oc=5\" target=\"_blank\" rel=\"nofollow noopener\">DIRECT. MSL : suivez la finale tant attendue entre Poitiers et Tours<\/a>&nbsp;&nbsp;lanouvellerepublique.fr<\/li>\n<li><a href=\"https:\/\/news.google.com\/rss\/articles\/CBMickFVX3lxTE50UjNXRFBuZlN4SjZDdUxBYUVSc05IN2JINXdoVGJmX3NpaU5KcXE2Nmt1S3E2VmM4bkN1ZzJjb1ptdjhhNXhVaExBVG5kdmkyVTRoTWtFZ0R5Qk1lR2pRWGJFRWQ3ZzJZaFNsdFFoZW95QQ?oc=5\" target=\"_blank\" rel=\"nofollow noopener\">Place des grands hommes<\/a>&nbsp;&nbsp;LNV<\/li>\n<li><a href=\"https:\/\/news.google.com\/rss\/articles\/CBMijgJBVV95cUxPQl9MdnpXUmZnbTZ4VUJ6ZF9qV1RjMHl5NFhxbFBGOHpVT3duWV95VkJ2UG1yZ1VJSVBzbnZkTmVCSDBjVWdWc3JseVQyNVp4dmRNQ0N6WVFtWUJtTTdqRmZubUktaUhQVzZxTGNMMTZZQUw3LVRJREtoZGlaREJnRDBlV0FWdldXM240TzUzSUhta0lwN0VNdHZ1R1dhYVlqX1BjM1V4aHRNOXRSNWRGYzh6LUxXY0JUeFJjNEUzRkd4T29Gb1hEREJSYWpjc2c1YmU3a2hTWXhoSGF2M2JCTGxybFV3S3JJMGxNcDhYQkhSVzcwbmtvdi1ndlFIV1poeHRtbjRLN0VYSGZQVlE?oc=5\" target=\"_blank\" rel=\"nofollow noopener\">RECIT. Volley : finaliste du championnat, Poitiers rena\u00eet de ses cendres treize ans apr\u00e8s sa liquidation judiciaire<\/a>&nbsp;&nbsp;France Info<\/li>\n<\/ol>\n","protected":false},"excerpt":{"rendered":"Finale de volley entre Tours et Poitiers : annul\u00e9e \u00e0 Lawson-Body, la fan zone maintenue \u00e0 Buxerolles&nbsp;&nbsp;lanouvellerepublique.fr Un&hellip;\n","protected":false},"author":2,"featured_media":1445,"comment_status":"","ping_status":"","sticky":false,"template":"","format":"standard","meta":{"footnotes":""},"categories":[1417],"tags":[1011,27,60,1470,1469],"class_list":{"0":"post-90010","1":"post","2":"type-post","3":"status-publish","4":"format-standard","5":"has-post-thumbnail","7":"category-volley","8":"tag-fr","9":"tag-france","10":"tag-sports","11":"tag-volley","12":"tag-volleyball"},"share_on_mastodon":{"url":"https:\/\/pubeurope.com\/@fr\/114485066734401760","error":""},"_links":{"self":[{"href":"https:\/\/www.europesays.com\/fr\/wp-json\/wp\/v2\/posts\/90010","targetHints":{"allow":["GET"]}}],"collection":[{"href":"https:\/\/www.europesays.com\/fr\/wp-json\/wp\/v2\/posts"}],"about":[{"href":"https:\/\/www.europesays.com\/fr\/wp-json\/wp\/v2\/types\/post"}],"author":[{"embeddable":true,"href":"https:\/\/www.europesays.com\/fr\/wp-json\/wp\/v2\/users\/2"}],"replies":[{"embeddable":true,"href":"https:\/\/www.europesays.com\/fr\/wp-json\/wp\/v2\/comments?post=90010"}],"version-history":[{"count":0,"href":"https:\/\/www.europesays.com\/fr\/wp-json\/wp\/v2\/posts\/90010\/revisions"}],"wp:featuredmedia":[{"embeddable":true,"href":"https:\/\/www.europesays.com\/fr\/wp-json\/wp\/v2\/media\/1445"}],"wp:attachment":[{"href":"https:\/\/www.europesays.com\/fr\/wp-json\/wp\/v2\/media?parent=90010"}],"wp:term":[{"taxonomy":"category","embeddable":true,"href":"https:\/\/www.europesays.com\/fr\/wp-json\/wp\/v2\/categories?post=90010"},{"taxonomy":"post_tag","embeddable":true,"href":"https:\/\/www.europesays.com\/fr\/wp-json\/wp\/v2\/tags?post=90010"}],"curies":[{"name":"wp","href":"https:\/\/api.w.org\/{rel}","templated":true}]}}