{"id":90013,"date":"2025-05-10T18:58:13","date_gmt":"2025-05-10T18:58:13","guid":{"rendered":"https:\/\/www.europesays.com\/fr\/90013\/"},"modified":"2025-05-10T18:58:13","modified_gmt":"2025-05-10T18:58:13","slug":"atp-rome-piatti-ex-coach-de-sinner-si-jannik-a-toujours-ete-serieux-alcaraz-lui-me-fait-penser-a-federer-a-lage-de-22-ans","status":"publish","type":"post","link":"https:\/\/www.europesays.com\/fr\/90013\/","title":{"rendered":"ATP &#8211; Rome > Piatti (ex-coach de Sinner) : \u00ab\u00a0Si Jannik a toujours \u00e9t\u00e9 s\u00e9rieux, Alcaraz, lui, me fait penser \u00e0 Federer \u00e0 l&rsquo;\u00e2ge de 22 ans\u00a0\u00bb"},"content":{"rendered":"<p>Dans une inter\u00adview exclu\u00adsive accord\u00e9e \u00e0 la Gazzetta, dont les propos sont relay\u00e9s par <a href=\"https:\/\/www.tennisworlditalia.com\/tennis\/news\/Jannik_Sinner\/99854\/piatti-jannik-sinner-e-sempre-stato-serio-alcaraz-mi-sembra-federer-a-22-anni-\/\" data-wpel-link=\"external\" target=\"_blank\" rel=\"nofollow external noopener\">Tennis World Italia<\/a>, Riccardo Piatti, ancien entra\u00ee\u00adneur de Sinner et Djokovic, a d\u00e9mys\u00adtifi\u00e9 le statut de cham\u00adpion, selon lui attei\u00adgnable de tous avec une rigueur extr\u00eame. Si l\u2019Italien per\u00e7oit en Carlos Alcaraz une certaine imma\u00adtu\u00adrit\u00e9 pour le moment, il n\u2019a pas oubli\u00e9 de mentionner son ancien poulain italien, qui sort du lot pour son s\u00e9rieux.<\/p>\n<p><strong>\u00ab\u202fOn pense parfois que le talent \u2018tech\u00adnique\u2019 est tout ce qu\u2019il y a de plus impor\u00adtant. Mais le talent des cham\u00adpions r\u00e9side dans leur fa\u00e7on de penser, pas dans leur fa\u00e7on de jouer. Tout le monde peut devenir fort, mais au niveau d\u2019Ivan Ljubicic, de Maria Sharapova et de Sinner, on n\u2019y arrive que si l\u2019on est guid\u00e9 par une rigueur extr\u00eame. Jannik a toujours \u00e9t\u00e9 tr\u00e8s s\u00e9rieux et obser\u00adva\u00adteur depuis son enfance. Carlos Alcaraz me fait penser \u00e0 Roger Federer \u00e0 l\u2019\u00e2ge de 22 ans. Roger \u00e9tait lui aussi indis\u00adci\u00adplin\u00e9, il \u00e9tait blond, puis il a m\u00fbri et il est devenu une l\u00e9gende. Si vous gagnez quatre Grands Chelems, la disci\u00adpline est quand m\u00eame l\u00e0. Il aime vivre sa vie \u00e0 sa mani\u00e8re, il n\u2019a que 22 ans et il est impor\u00adtant de ne pas partir en vrille.\u202f\u00bb<\/strong><\/p>\n<p class=\"post-published-date\" style=\"color: silver; font-size: 75%; text-align: left;\">Publi\u00e9 le samedi 10 mai 2025 \u00e0 18:11<\/p>\n","protected":false},"excerpt":{"rendered":"Dans une inter\u00adview exclu\u00adsive accord\u00e9e \u00e0 la Gazzetta, dont les propos sont relay\u00e9s par Tennis World Italia, Riccardo&hellip;\n","protected":false},"author":2,"featured_media":90014,"comment_status":"","ping_status":"","sticky":false,"template":"","format":"standard","meta":{"footnotes":""},"categories":[1415],"tags":[1744,105,2199,1011,27,2127,60,1467],"class_list":{"0":"post-90013","1":"post","2":"type-post","3":"status-publish","4":"format-standard","5":"has-post-thumbnail","7":"category-tennis","8":"tag-alcaraz","9":"tag-djokovic","10":"tag-federer","11":"tag-fr","12":"tag-france","13":"tag-sinner","14":"tag-sports","15":"tag-tennis"},"share_on_mastodon":{"url":"https:\/\/pubeurope.com\/@fr\/114485074459066924","error":""},"_links":{"self":[{"href":"https:\/\/www.europesays.com\/fr\/wp-json\/wp\/v2\/posts\/90013","targetHints":{"allow":["GET"]}}],"collection":[{"href":"https:\/\/www.europesays.com\/fr\/wp-json\/wp\/v2\/posts"}],"about":[{"href":"https:\/\/www.europesays.com\/fr\/wp-json\/wp\/v2\/types\/post"}],"author":[{"embeddable":true,"href":"https:\/\/www.europesays.com\/fr\/wp-json\/wp\/v2\/users\/2"}],"replies":[{"embeddable":true,"href":"https:\/\/www.europesays.com\/fr\/wp-json\/wp\/v2\/comments?post=90013"}],"version-history":[{"count":0,"href":"https:\/\/www.europesays.com\/fr\/wp-json\/wp\/v2\/posts\/90013\/revisions"}],"wp:featuredmedia":[{"embeddable":true,"href":"https:\/\/www.europesays.com\/fr\/wp-json\/wp\/v2\/media\/90014"}],"wp:attachment":[{"href":"https:\/\/www.europesays.com\/fr\/wp-json\/wp\/v2\/media?parent=90013"}],"wp:term":[{"taxonomy":"category","embeddable":true,"href":"https:\/\/www.europesays.com\/fr\/wp-json\/wp\/v2\/categories?post=90013"},{"taxonomy":"post_tag","embeddable":true,"href":"https:\/\/www.europesays.com\/fr\/wp-json\/wp\/v2\/tags?post=90013"}],"curies":[{"name":"wp","href":"https:\/\/api.w.org\/{rel}","templated":true}]}}