{"id":90024,"date":"2025-05-10T19:05:11","date_gmt":"2025-05-10T19:05:11","guid":{"rendered":"https:\/\/www.europesays.com\/fr\/90024\/"},"modified":"2025-05-10T19:05:11","modified_gmt":"2025-05-10T19:05:11","slug":"une-sculpture-qui-invite-a-nous-mettre-a-lecoute-de-notre-passe-a-brest-le-premier-ministre-francois-bayrou-rend-hommage-a-ceux-qui-ont-lutte-contre-l","status":"publish","type":"post","link":"https:\/\/www.europesays.com\/fr\/90024\/","title":{"rendered":"\u00ab\u00a0Une sculpture qui invite \u00e0 nous mettre \u00e0 l\u2019\u00e9coute de notre pass\u00e9\u00a0\u00bb\u00a0: \u00e0 Brest, le Premier ministre Fran\u00e7ois Bayrou rend hommage \u00e0 ceux qui ont lutt\u00e9 contre l\u2019esclavage [Vid\u00e9o]"},"content":{"rendered":"<p>Au pied de la statue \u00ab\u00a0M\u00e9moires\u00a0\u00bb et devant son auteur, Max Relouzat, Fran\u00e7ois Bayrou, le Premier ministre, a rendu hommage \u00e0 victimes et \u00e0 ceux qui ont combattu l\u2019esclavage. \u00ab\u00a0L\u2019histoire que cette statue nous raconte est celle de millions d\u2019hommes, de femmes (\u2026) pour qui l\u2019oc\u00e9an signifia la perte de leur libert\u00e9, de leur identit\u00e9 et leur r\u00e9duction \u00e0 l\u2019esclavage\u00a0\u00bb, a commenc\u00e9 le Premier ministre.<\/p>\n<p><img decoding=\"async\" src=\"https:\/\/www.europesays.com\/fr\/wp-content\/uploads\/2025\/05\/681f9c34bd7d2ea6060009e3.1.jpeg\" width=\"480\" height=\"300\" class=\"web_golden_m\" loading=\"lazy\" alt=\"Fran\u00e7ois Bayrou, Premier ministre, est arriv\u00e9 ce samedi 10\u00a0mai 2025, vers 15\u00a0h, \u00e0 Brest, accueilli par Fran\u00e7ois Cuillandre, maire de Brest et Jean-Marc Ayrault, pr\u00e9sident de la Fondation pour la m\u00e9moire de l\u2019esclavage.\"\/>Fran\u00e7ois Bayrou, Premier ministre, est arriv\u00e9 ce samedi 10\u00a0mai 2025, vers 15\u00a0h, \u00e0 Brest, accueilli par Fran\u00e7ois Cuillandre, maire de Brest et Jean-Marc Ayrault, pr\u00e9sident de la Fondation pour la m\u00e9moire de l\u2019esclavage. (Photo Le T\u00e9l\u00e9gramme\/Nicolas Cr\u00e9ach)<\/p>\n<p>En ce 10 mai, Journ\u00e9e nationale des m\u00e9moires de la traite, de l\u2019esclavage et de leurs abolitions, il \u00e9tait \u00e0 Brest pour assister \u00e0 la F\u00eate de la fraternit\u00e9 qui se d\u00e9roulait, cette ann\u00e9e, \u00e0 Brest. Sur le polder, Fran\u00e7ois Bayrou a ensuite \u00e9t\u00e9 salu\u00e9 le public, une centaine de personnes environ \u00e9tait venue assister \u00e0 la c\u00e9r\u00e9monie malgr\u00e9 la pluie du d\u00e9but d\u2019apr\u00e8s-midi.<\/p>\n","protected":false},"excerpt":{"rendered":"Au pied de la statue \u00ab\u00a0M\u00e9moires\u00a0\u00bb et devant son auteur, Max Relouzat, Fran\u00e7ois Bayrou, le Premier ministre, a&hellip;\n","protected":false},"author":2,"featured_media":90025,"comment_status":"","ping_status":"","sticky":false,"template":"","format":"standard","meta":{"footnotes":""},"categories":[1358],"tags":[1348,1384,1385,3450,829,1386,58,765,59,3321,1011,27,431],"class_list":{"0":"post-90024","1":"post","2":"type-post","3":"status-publish","4":"format-standard","5":"has-post-thumbnail","7":"category-arts-et-design","8":"tag-arts","9":"tag-arts-and-design","10":"tag-arts-et-design","11":"tag-brest","12":"tag-bretagne","13":"tag-design","14":"tag-divertissement","15":"tag-en-continu","16":"tag-entertainment","17":"tag-finistere","18":"tag-fr","19":"tag-france","20":"tag-francois-bayrou"},"share_on_mastodon":{"url":"https:\/\/pubeurope.com\/@fr\/114485102203084510","error":""},"_links":{"self":[{"href":"https:\/\/www.europesays.com\/fr\/wp-json\/wp\/v2\/posts\/90024","targetHints":{"allow":["GET"]}}],"collection":[{"href":"https:\/\/www.europesays.com\/fr\/wp-json\/wp\/v2\/posts"}],"about":[{"href":"https:\/\/www.europesays.com\/fr\/wp-json\/wp\/v2\/types\/post"}],"author":[{"embeddable":true,"href":"https:\/\/www.europesays.com\/fr\/wp-json\/wp\/v2\/users\/2"}],"replies":[{"embeddable":true,"href":"https:\/\/www.europesays.com\/fr\/wp-json\/wp\/v2\/comments?post=90024"}],"version-history":[{"count":0,"href":"https:\/\/www.europesays.com\/fr\/wp-json\/wp\/v2\/posts\/90024\/revisions"}],"wp:featuredmedia":[{"embeddable":true,"href":"https:\/\/www.europesays.com\/fr\/wp-json\/wp\/v2\/media\/90025"}],"wp:attachment":[{"href":"https:\/\/www.europesays.com\/fr\/wp-json\/wp\/v2\/media?parent=90024"}],"wp:term":[{"taxonomy":"category","embeddable":true,"href":"https:\/\/www.europesays.com\/fr\/wp-json\/wp\/v2\/categories?post=90024"},{"taxonomy":"post_tag","embeddable":true,"href":"https:\/\/www.europesays.com\/fr\/wp-json\/wp\/v2\/tags?post=90024"}],"curies":[{"name":"wp","href":"https:\/\/api.w.org\/{rel}","templated":true}]}}