{"id":900421,"date":"2026-04-29T14:13:15","date_gmt":"2026-04-29T14:13:15","guid":{"rendered":"https:\/\/www.europesays.com\/fr\/900421\/"},"modified":"2026-04-29T14:13:15","modified_gmt":"2026-04-29T14:13:15","slug":"faustine-bollaert-devient-egerie-dune-celebre-marque-de-beaute-a-47-ans","status":"publish","type":"post","link":"https:\/\/www.europesays.com\/fr\/900421\/","title":{"rendered":"Faustine Bollaert devient \u00e9g\u00e9rie d&rsquo;une c\u00e9l\u00e8bre marque de beaut\u00e9 \u00e0 47 ans"},"content":{"rendered":"<p>        R\u00e9sum\u00e9<\/p>\n<p>Faustine Bollaert devient la nouvelle ambassadrice d\u2019un s\u00e9rum anti-\u00e2ge innovant, valorisant une approche naturelle et respectueuse du temps qui passe.<\/p>\n<p>          Sommaire<\/p>\n<p>De la t\u00e9l\u00e9vision aux marques de beaut\u00e9, il n&rsquo;y a visiblement qu&rsquo;un pas. Figure embl\u00e9matique du paysage audiovisuel fran\u00e7ais, <a href=\"https:\/\/www.public.fr\/tag\/faustine-bollaert\" rel=\"nofollow noopener\" target=\"_blank\"><strong>Faustine Bollaert<\/strong><\/a> \u00e9volue depuis des ann\u00e9es sur le petit \u00e9cran. <\/p>\n<p>Sur France 2, \u00e0 la t\u00eate de <strong>\u00c7a commence aujourd&rsquo;hui<\/strong>, elle recueille chaque jour les t\u00e9moignages et les exp\u00e9riences parfois douloureuses de ses invit\u00e9s. R\u00e9cemment, elle a \u00e9galement repris l&rsquo;animation des <strong>Enfants de la t\u00e9l\u00e9<\/strong>. <\/p>\n<p>En parall\u00e8le de ces projets, elle pr\u00e9sente aussi <strong>La Bo\u00eete \u00e0 secrets<\/strong> et l&rsquo;\u00e9mission <strong>Prodiges<\/strong>.<\/p>\n<p>Loin de se reposer sur ses lauriers, Faustine Bollaert est \u00e9galement <strong>tr\u00e8s pr\u00e9sente \u00e0 la radio et sur les r\u00e9seaux sociaux<\/strong>. Si elle poss\u00e8de sa propre cha\u00eene YouTube, elle se montre aussi particuli\u00e8rement active sur Instagram. Ce mardi 28 avril, elle y a d&rsquo;ailleurs annonc\u00e9 une grande nouvelle ! \u00c0 47 ans, elle a accept\u00e9 de devenir l&rsquo;ambassadrice d&rsquo;un produit Nivea. <\/p>\n<p>Faustine Bollaert : son \u00ab\u00a0coup de c\u0153ur\u00a0\u00bb pour Nivea<\/p>\n<p>\u00ab\u00a0<strong>Il y a des rencontres qui font sens<\/strong>, naturellement, et c\u2019est exactement ce qui s\u2019est pass\u00e9 avec les \u00e9quipes de NIVEA. <strong>C\u2019est la premi\u00e8re fois que je m\u2019engage aupr\u00e8s d\u2019une marque de cosm\u00e9tique<\/strong>. Je suis tr\u00e8s fi\u00e8re. Et pour cause, j\u2019ai eu <strong>un v\u00e9ritable coup de c\u0153ur pour le S\u00e9rum Ultime Jeunesse CELLULAR Epigenetics de NIVEA<\/strong> dont je deviens\u2026 l\u2019ambassadrice !\u00a0\u00bb, a-t-elle \u00e9crit en l\u00e9gende de la publicit\u00e9. <\/p>\n<p>\u00ab\u00a0Je vous explique le principe : le s\u00e9rum s\u2019appuie sur <strong>plus de 15 ans de recherche en \u00e9pig\u00e9n\u00e9tique<\/strong> pour mieux comprendre les m\u00e9canismes de long\u00e9vit\u00e9 de la peau. Et gr\u00e2ce \u00e0 un ingr\u00e9dient brevet\u00e9, l\u2019Epicelline, il va l\u2019aider \u00e0 r\u00e9activer ce qu\u2019elle sait faire de mieux\u2026.naturellement. Et c\u2019est \u00e7a qui m\u2019a touch\u00e9e\u00a0\u00bb, a ainsi ajout\u00e9 Faustine Bollaert. <\/p>\n<p>Et de conclure : \u00ab\u00a0<strong>On ne cherche pas \u00e0 gommer artificiellement les signes du temps mais \u00e0 accompagner notre peau de l\u2019int\u00e9rieur, dans la dur\u00e9e, en acceptant qui on est<\/strong>. Notre \u00e2ge, notre v\u00e9cu, notre histoire\u2026 Et vous savez \u00e0 quel point ces valeurs sont importantes pour moi. J\u2019ai 47 ans et j\u2019attends de mes soins beaut\u00e9 qu\u2019ils soient adapt\u00e9s et bienveillants. Une histoire de confiance et d\u2019estime de soi. \u00c7a fait du bien. C\u2019est une nouvelle aventure tr\u00e8s coh\u00e9rente et juste. Je suis fi\u00e8re !\u00a0\u00bb Un partenariat qui semble plaire \u00e0 ses admirateurs !<\/p>\n<p>\n          Hits &amp; People en continu\n        <\/p>\n<p>\n          Public Radio\n        <\/p>\n<p>      Mentionn\u00e9s dans cet article<\/p>\n<p>      Sur le m\u00eame sujet<\/p>\n","protected":false},"excerpt":{"rendered":"R\u00e9sum\u00e9 Faustine Bollaert devient la nouvelle ambassadrice d\u2019un s\u00e9rum anti-\u00e2ge innovant, valorisant une approche naturelle et respectueuse du&hellip;\n","protected":false},"author":2,"featured_media":900422,"comment_status":"","ping_status":"","sticky":false,"template":"","format":"standard","meta":{"footnotes":"","_share_on_mastodon":"0"},"categories":[1359],"tags":[58,34061,59,6308,1011,27,49034,973],"class_list":["post-900421","post","type-post","status-publish","format-standard","has-post-thumbnail","category-people","tag-divertissement","tag-egerie","tag-entertainment","tag-faustine-bollaert","tag-fr","tag-france","tag-nivea","tag-people"],"share_on_mastodon":{"url":"https:\/\/pubeurope.com\/@fr\/116488412069963842","error":""},"_links":{"self":[{"href":"https:\/\/www.europesays.com\/fr\/wp-json\/wp\/v2\/posts\/900421","targetHints":{"allow":["GET"]}}],"collection":[{"href":"https:\/\/www.europesays.com\/fr\/wp-json\/wp\/v2\/posts"}],"about":[{"href":"https:\/\/www.europesays.com\/fr\/wp-json\/wp\/v2\/types\/post"}],"author":[{"embeddable":true,"href":"https:\/\/www.europesays.com\/fr\/wp-json\/wp\/v2\/users\/2"}],"replies":[{"embeddable":true,"href":"https:\/\/www.europesays.com\/fr\/wp-json\/wp\/v2\/comments?post=900421"}],"version-history":[{"count":0,"href":"https:\/\/www.europesays.com\/fr\/wp-json\/wp\/v2\/posts\/900421\/revisions"}],"wp:featuredmedia":[{"embeddable":true,"href":"https:\/\/www.europesays.com\/fr\/wp-json\/wp\/v2\/media\/900422"}],"wp:attachment":[{"href":"https:\/\/www.europesays.com\/fr\/wp-json\/wp\/v2\/media?parent=900421"}],"wp:term":[{"taxonomy":"category","embeddable":true,"href":"https:\/\/www.europesays.com\/fr\/wp-json\/wp\/v2\/categories?post=900421"},{"taxonomy":"post_tag","embeddable":true,"href":"https:\/\/www.europesays.com\/fr\/wp-json\/wp\/v2\/tags?post=900421"}],"curies":[{"name":"wp","href":"https:\/\/api.w.org\/{rel}","templated":true}]}}