{"id":90044,"date":"2025-05-10T19:16:09","date_gmt":"2025-05-10T19:16:09","guid":{"rendered":"https:\/\/www.europesays.com\/fr\/90044\/"},"modified":"2025-05-10T19:16:09","modified_gmt":"2025-05-10T19:16:09","slug":"apres-des-mois-de-deni-horvilleur-sinclair-et-sfar-ouvrent-les-yeux-sur-les-massacres-a-gaza-et-declenchent-la-polemique-mediapart","status":"publish","type":"post","link":"https:\/\/www.europesays.com\/fr\/90044\/","title":{"rendered":"Apr\u00e8s des mois de d\u00e9ni, Horvilleur, Sinclair et Sfar ouvrent les yeux sur les massacres \u00e0 Gaza et d\u00e9clenchent la pol\u00e9mique &#8211; Mediapart"},"content":{"rendered":"<ol>\n<li><a href=\"https:\/\/news.google.com\/rss\/articles\/CBMi6AFBVV95cUxORG4tN01WeXVLTmd1YVJWd3lQT2ZSaW5EWjE0eTdIc0VmMksyRTBIS2xXTm5Cc1NWbHZueTUzM0pWcE1yd01LY1FwRDZtU0lMaHo4MUxxNjREcHVQZ2szS1lqazVZN01zaFNreWJmQ3JLYzRlVmwxdHVvODhQZC02MkxmcU5rNC1XM2lsV2pzM1RLanNpRVpGZ29GZnptOGpvYVBGLUhOZzZuQlVXYVREWnIwT08tN2ZISHVxb0daUTZrN0dJR29yZEY2ajZfVzU0Q3JCbjFjd0Q3LU9xNUdRMUVNWHpSTkkt?oc=5\" target=\"_blank\" rel=\"noopener\">Apr\u00e8s des mois de d\u00e9ni, Horvilleur, Sinclair et Sfar ouvrent les yeux sur les massacres \u00e0 Gaza et d\u00e9clenchent la pol\u00e9mique<\/a>&nbsp;&nbsp;Mediapart<\/li>\n<li><a href=\"https:\/\/news.google.com\/rss\/articles\/CBMi1gJBVV95cUxPdHRFMFUzZ3BrNTJ6Tm9RcHB3YzNWT28yXzRmbVNJZDFYVE9PX2pYdzhRMGNnVG1IY1BndmFCRWRTZXdYNFZoT0xYY3FEeWpGSXpkNzdaZnBsa1BiS0ZBS1FkSnFzZE1YWVZlY2pld0x4WUstbEVMRkVjLTNRTVhFUWY5d1MtalJDak4tWnRfcVkwcU5KZTB6SVpmSTlObmhzNUlBM0JwUXRWTE5FNHZSZGM3Sjl0VEs4ZHROV2w0VkJGT3E3M2NQQTZOcUgyLURHazQzblJhbW5FQ1VZck12YWZiMG5BUS11cjFGcmgyYk51bEc3RjZwV3NodXF1d2ZZX0pmTzdDakVKc2pUOC0yYXdPZGdXcE05bmJLTl9GYWdTTDBibHBJSFpIN0RMYkVNcnEzek9TQnRYMkxmN0NKME1DOWVzaDBQNXk4Y1NMWjRNN3pnR2c?oc=5\" target=\"_blank\" rel=\"noopener\">Guerre entre Isra\u00ebl et le Hamas : plusieurs personnalit\u00e9s juives, dont Delphine Horvilleur et Anne Sinclair, prennent la parole pour d\u00e9noncer la situation humanitaire \u00e0 Gaza<\/a>&nbsp;&nbsp;France Info<\/li>\n<li><a href=\"https:\/\/news.google.com\/rss\/articles\/CBMi5gFBVV95cUxPNmdTTHZ0eG9lTDBZbzFUTnVFQjN3V3ZHd0VldnNPdGx6WHhxY2NBOWFBSHdab2VETkJhVGlibjc4eWZ1aXVQbUVsTE9TZmJGUUhaSzZxVlNNR1pVQXZxTUl0Y2JILUIzQXNCTFJlWmY3OFhNNXZYWWtPM3NobUdraEwycUU5X0ZmY01vQnRsY2dzZmZzdURGdmRYNU9qMjNoNXJuQVd4amNQOFVDSGZkc3lyLXZ5VHVOVWpCWk93NzFwVHBXR0ZqajU2Vnh6Rk5LUkNRWk0yREVsbnZLUjg3U3VuYjZXdw?oc=5\" target=\"_blank\" rel=\"noopener\">\u00ab\u00a0L&rsquo;avenir des Palestiniens et celui d&rsquo;Isra\u00ebl sont li\u00e9s\u00a0\u00bb : une tribune de Delphine Horvilleur divise les opinions<\/a>&nbsp;&nbsp;i24NEWS<\/li>\n<li><a href=\"https:\/\/news.google.com\/rss\/articles\/CBMi5AFBVV95cUxNSkN0UUhnYzVnTHpfNlN3dDJvUWxhWUFrNWg3VFhrMmEtY0VNNGpKOFRoZU81YWJ6N1I3NTZFS1BfZVMyQUlGTzVCR05xLUdnWTVjSDhiU0Y2YURGRzltejJaX0hrdE8zNE4tZFBrREdRS2d2LVFQb2lHNWdnWU5ZOHpldnhNOHg2YzFNYmY1VG9nQmFvMTM3RkxiblMtWXNMcExHaXZMemUxelZJR1JGYy1jUFRRQ3B1Z05mc0R5ZjBOVmo5Sk5xSi04ZFBERl9FdnE2blF6RnVHRXFNd1FjSWhzZEM?oc=5\" target=\"_blank\" rel=\"noopener\">Gaza : le r\u00e9veil salutaire d\u2019Anne Sinclair et Delphine Horvilleur<\/a>&nbsp;&nbsp;Lib\u00e9ration<\/li>\n<li><a href=\"https:\/\/news.google.com\/rss\/articles\/CBMi4gFBVV95cUxQSFNDaDZaUDZpY1dyWUdqNTlxQWNXbnU3eGtTS0lFdzZwVnZ5Y2RVd2pUczExUEdESFRzSVFEcU9CekRBWUx2ZzRyZXFPTnFJdFZoNjhfTHBnaTBsNW1fQkEzQWNpenpsVXNZaGRaOTVUTU5LQXpFUFJoODliX2pGVW1NZ0UzOC1yWE8tdjNfTkktemh1SjZZSVREenl2aDRrdjVxbi1oVTFlRkRsLWhnX0hLZnRwNUVUZ1VfNVFjVGR0cVgtYXB2TkZ6SXotX0x6SVJVeEowZkYzaXAxQmh2eGFR?oc=5\" target=\"_blank\" rel=\"noopener\">R\u00e9ponses \u00e0 vos questions sur la guerre \u00e0 Gaza et au-del\u00e0<\/a>&nbsp;&nbsp;Radio France<\/li>\n<\/ol>\n","protected":false},"excerpt":{"rendered":"Apr\u00e8s des mois de d\u00e9ni, Horvilleur, Sinclair et Sfar ouvrent les yeux sur les massacres \u00e0 Gaza et&hellip;\n","protected":false},"author":2,"featured_media":90045,"comment_status":"","ping_status":"","sticky":false,"template":"","format":"standard","meta":{"footnotes":""},"categories":[4],"tags":[11,6155,20077,1011,27,665,664,12,31,25],"class_list":{"0":"post-90044","1":"post","2":"type-post","3":"status-publish","4":"format-standard","5":"has-post-thumbnail","7":"category-france","8":"tag-actualites","9":"tag-antisemitisme","10":"tag-delphine-horvilleur","11":"tag-fr","12":"tag-france","13":"tag-gaza","14":"tag-israel","15":"tag-news","16":"tag-proche-et-moyen-orient","17":"tag-republique-francaise"},"share_on_mastodon":{"url":"https:\/\/pubeurope.com\/@fr\/114485145365413913","error":""},"_links":{"self":[{"href":"https:\/\/www.europesays.com\/fr\/wp-json\/wp\/v2\/posts\/90044","targetHints":{"allow":["GET"]}}],"collection":[{"href":"https:\/\/www.europesays.com\/fr\/wp-json\/wp\/v2\/posts"}],"about":[{"href":"https:\/\/www.europesays.com\/fr\/wp-json\/wp\/v2\/types\/post"}],"author":[{"embeddable":true,"href":"https:\/\/www.europesays.com\/fr\/wp-json\/wp\/v2\/users\/2"}],"replies":[{"embeddable":true,"href":"https:\/\/www.europesays.com\/fr\/wp-json\/wp\/v2\/comments?post=90044"}],"version-history":[{"count":0,"href":"https:\/\/www.europesays.com\/fr\/wp-json\/wp\/v2\/posts\/90044\/revisions"}],"wp:featuredmedia":[{"embeddable":true,"href":"https:\/\/www.europesays.com\/fr\/wp-json\/wp\/v2\/media\/90045"}],"wp:attachment":[{"href":"https:\/\/www.europesays.com\/fr\/wp-json\/wp\/v2\/media?parent=90044"}],"wp:term":[{"taxonomy":"category","embeddable":true,"href":"https:\/\/www.europesays.com\/fr\/wp-json\/wp\/v2\/categories?post=90044"},{"taxonomy":"post_tag","embeddable":true,"href":"https:\/\/www.europesays.com\/fr\/wp-json\/wp\/v2\/tags?post=90044"}],"curies":[{"name":"wp","href":"https:\/\/api.w.org\/{rel}","templated":true}]}}