{"id":90054,"date":"2025-05-10T19:21:12","date_gmt":"2025-05-10T19:21:12","guid":{"rendered":"https:\/\/www.europesays.com\/fr\/90054\/"},"modified":"2025-05-10T19:21:12","modified_gmt":"2025-05-10T19:21:12","slug":"football-le-trophee-de-meilleur-entraineur-du-national-pour-le-coach-de-las-nancy-lorraine-pablo-correa","status":"publish","type":"post","link":"https:\/\/www.europesays.com\/fr\/90054\/","title":{"rendered":"Football. Le troph\u00e9e de meilleur entra\u00eeneur du National pour le coach de l\u2019AS Nancy Lorraine, Pablo Correa !"},"content":{"rendered":"<p>Jusqu\u2019au bout du bout, ce championnat National aura d\u00e9cid\u00e9ment \u00e9t\u00e9 source de sujets d\u2019\u00e9tonnement pour l\u2019ASNL, bien contente de retrouver la Ligue 2 d\u00e8s la saison prochaine. Une nouvelle preuve, une derni\u00e8re preuve peut-\u00eatre, avec <a href=\"https:\/\/www.estrepublicain.fr\/sport\/2025\/05\/09\/les-trophees-du-national-ce-samedi-soir-le-pari-reussi-d-abdes-ouaddou-en-afrique-du-sud-les-coulisses-du-match-valenciennes-as-nancy-lorraine\" target=\"_blank\" rel=\"noopener\">la soir\u00e9e des Troph\u00e9es du National qui s\u2019est d\u00e9roul\u00e9e \u00e0 Clairefontaine, ce samedi soir<\/a>. Que pouvait faire de plus Martin Sourzac, par exemple, pour \u00eatre d\u00e9sign\u00e9 meilleur gardien du championnat, apr\u00e8s quinze \u00ab clean sheet \u00bb en trente matches ? C\u2019est finalement le goal de Bourg-en-Bresse, Charly Jan, qui a re\u00e7u ce troph\u00e9e de meilleur gardien.<\/p>\n<p>  Yassine Benhattad (Aubagne) meilleur joueur<\/p>\n<p>Pour le troph\u00e9e de meilleur joueur, Adrian Dabasse semblait en ballottage moins favorable, avant l\u2019annonce du verdict, compte tenu des prouesses r\u00e9ussies par le num\u00e9ro 10 d\u2019Aubagne, Yassine Benhattab, d\u00e9j\u00e0 recrut\u00e9 par le FC Nantes. Sans grande surprise, c\u2019est Benhattab qui a \u00e9t\u00e9 l\u2019heureux \u00e9lu. Benjamin Gomel, quant \u00e0 lui, postulait au troph\u00e9e du plus beau but, mais il n\u2019a pas non plus \u00e9t\u00e9 couronn\u00e9.<\/p>\n<p>Ce contenu est bloqu\u00e9 car vous n&rsquo;avez pas accept\u00e9 les cookies et autres traceurs.<\/p>\n<p>En cliquant sur \u00ab J\u2019accepte \u00bb, les cookies et autres traceurs seront d\u00e9pos\u00e9s et vous pourrez visualiser les contenus  (<a href=\"\" class=\"consentModule_policy\" target=\"_blank\" title=\"Consulter la politique de protection des donn\u00e9es du fournisseur\">plus d&rsquo;informations<\/a>).<\/p>\n<p>En cliquant sur \u00ab J\u2019accepte tous les cookies \u00bb, vous autorisez des d\u00e9p\u00f4ts de cookies et autres traceurs pour le stockage de vos donn\u00e9es sur nos sites et applications \u00e0 des fins de personnalisation et de ciblage publicitaire.<\/p>\n<p class=\"consentModule_secondaryText\">Vous gardez la possibilit\u00e9 de retirer votre consentement \u00e0 tout moment en consultant notre <a href=\"https:\/\/www.estrepublicain.fr\/protection-des-donnees\" target=\"_blank\" title=\"Consulter notre politique de protection des donn\u00e9es\" rel=\"noopener\">politique de protection des donn\u00e9es<\/a>. <br \/>&#13;<br \/>\n            <a href=\"https:\/\/www.estrepublicain.fr\/sport\/2025\/05\/10\/javascript:Didomi.notice.show()\" class=\"consentModule_cmp\" target=\"_blank\" rel=\"noopener\">G\u00e9rer mes choix<\/a>&#13;\n        <\/p>\n<p>&#13;<br \/>\n                        J&rsquo;accepte&#13;<br \/>\n            J&rsquo;accepte tous les cookies&#13;\n        <\/p>\n<p>  Deux joueurs seulement dans l\u2019\u00e9quipe-type<\/p>\n<p>Et puis, malgr\u00e9 sa mont\u00e9e en L2 et son titre de champion d\u00e9j\u00e0 assur\u00e9s, malgr\u00e9 son rang de meilleure attaque et de co-meilleure d\u00e9fense, l\u2019ASNL ne place que deux de ses joueurs dans l\u2019\u00e9quipe-type du championnat, sa charni\u00e8re centrale compos\u00e9e de Nicolas Saint-Ruf et Aliou Thiar\u00e9.<\/p>\n<p>La logique, en revanche, a \u00e9t\u00e9 respect\u00e9e avec le troph\u00e9e de meilleur entra\u00eeneur du National attribu\u00e9 \u00e0 <a href=\"https:\/\/www.estrepublicain.fr\/p\/pablo-correa\" target=\"_blank\" rel=\"noopener\">Pablo Correa<\/a> , qui a devanc\u00e9 le Boulonnais Fabien Dagneaux et le Manceau Patrick Videira. Le coach de l\u2019ASNL viendra partager cette r\u00e9compense bien m\u00e9rit\u00e9e, ce mardi, avec vous, <a href=\"https:\/\/www.estrepublicain.fr\/votre-journal-et-vous\/2025\/05\/07\/rencontrez-et-echangez-avec-l-entraineur-de-l-asnl-pablo-correa\" target=\"_blank\" rel=\"noopener\">les lecteurs de L\u2019Est R\u00e9publicain<\/a>.<\/p>\n<p>Ce contenu est bloqu\u00e9 car vous n&rsquo;avez pas accept\u00e9 les cookies et autres traceurs.<\/p>\n<p>En cliquant sur \u00ab J\u2019accepte \u00bb, les cookies et autres traceurs seront d\u00e9pos\u00e9s et vous pourrez visualiser les contenus  (<a href=\"\" class=\"consentModule_policy\" target=\"_blank\" title=\"Consulter la politique de protection des donn\u00e9es du fournisseur\">plus d&rsquo;informations<\/a>).<\/p>\n<p>En cliquant sur \u00ab J\u2019accepte tous les cookies \u00bb, vous autorisez des d\u00e9p\u00f4ts de cookies et autres traceurs pour le stockage de vos donn\u00e9es sur nos sites et applications \u00e0 des fins de personnalisation et de ciblage publicitaire.<\/p>\n<p class=\"consentModule_secondaryText\">Vous gardez la possibilit\u00e9 de retirer votre consentement \u00e0 tout moment en consultant notre <a href=\"https:\/\/www.estrepublicain.fr\/protection-des-donnees\" target=\"_blank\" title=\"Consulter notre politique de protection des donn\u00e9es\" rel=\"noopener\">politique de protection des donn\u00e9es<\/a>. <br \/>&#13;<br \/>\n            <a href=\"https:\/\/www.estrepublicain.fr\/sport\/2025\/05\/10\/javascript:Didomi.notice.show()\" class=\"consentModule_cmp\" target=\"_blank\" rel=\"noopener\">G\u00e9rer mes choix<\/a>&#13;\n        <\/p>\n<p>&#13;<br \/>\n                        J&rsquo;accepte&#13;<br \/>\n            J&rsquo;accepte tous les cookies&#13;\n        <\/p>\n","protected":false},"excerpt":{"rendered":"Jusqu\u2019au bout du bout, ce championnat National aura d\u00e9cid\u00e9ment \u00e9t\u00e9 source de sujets d\u2019\u00e9tonnement pour l\u2019ASNL, bien contente&hellip;\n","protected":false},"author":2,"featured_media":90055,"comment_status":"","ping_status":"","sticky":false,"template":"","format":"standard","meta":{"footnotes":""},"categories":[9635],"tags":[1111,11,3703,1707,1704,1706,1705,1777,674,107,1701,63,1011,27,775,1702,1703,12,25,517,1700],"class_list":{"0":"post-90054","1":"post","2":"type-post","3":"status-publish","4":"format-standard","5":"has-post-thumbnail","7":"category-nancy","8":"tag-actu","9":"tag-actualites","10":"tag-asnl","11":"tag-edition-luneville","12":"tag-edition-nancy-et-agglomeration","13":"tag-edition-pont-a-mousson","14":"tag-edition-toul","15":"tag-eu","16":"tag-europe","17":"tag-fil-info","18":"tag-fil-info-sport","19":"tag-football","20":"tag-fr","21":"tag-france","22":"tag-grand-est","23":"tag-nancy","24":"tag-nancy-ville-54b","25":"tag-news","26":"tag-republique-francaise","27":"tag-sport","28":"tag-sport-lorrain"},"share_on_mastodon":{"url":"https:\/\/pubeurope.com\/@fr\/114485165007150441","error":""},"_links":{"self":[{"href":"https:\/\/www.europesays.com\/fr\/wp-json\/wp\/v2\/posts\/90054","targetHints":{"allow":["GET"]}}],"collection":[{"href":"https:\/\/www.europesays.com\/fr\/wp-json\/wp\/v2\/posts"}],"about":[{"href":"https:\/\/www.europesays.com\/fr\/wp-json\/wp\/v2\/types\/post"}],"author":[{"embeddable":true,"href":"https:\/\/www.europesays.com\/fr\/wp-json\/wp\/v2\/users\/2"}],"replies":[{"embeddable":true,"href":"https:\/\/www.europesays.com\/fr\/wp-json\/wp\/v2\/comments?post=90054"}],"version-history":[{"count":0,"href":"https:\/\/www.europesays.com\/fr\/wp-json\/wp\/v2\/posts\/90054\/revisions"}],"wp:featuredmedia":[{"embeddable":true,"href":"https:\/\/www.europesays.com\/fr\/wp-json\/wp\/v2\/media\/90055"}],"wp:attachment":[{"href":"https:\/\/www.europesays.com\/fr\/wp-json\/wp\/v2\/media?parent=90054"}],"wp:term":[{"taxonomy":"category","embeddable":true,"href":"https:\/\/www.europesays.com\/fr\/wp-json\/wp\/v2\/categories?post=90054"},{"taxonomy":"post_tag","embeddable":true,"href":"https:\/\/www.europesays.com\/fr\/wp-json\/wp\/v2\/tags?post=90054"}],"curies":[{"name":"wp","href":"https:\/\/api.w.org\/{rel}","templated":true}]}}