{"id":90058,"date":"2025-05-10T19:23:08","date_gmt":"2025-05-10T19:23:08","guid":{"rendered":"https:\/\/www.europesays.com\/fr\/90058\/"},"modified":"2025-05-10T19:23:08","modified_gmt":"2025-05-10T19:23:08","slug":"la-maire-de-toulon-recadre-bernard-lemaitre-sur-son-projet-de-nouveau-stade","status":"publish","type":"post","link":"https:\/\/www.europesays.com\/fr\/90058\/","title":{"rendered":"la maire de Toulon recadre Bernard Lema\u00eetre sur son projet de nouveau stade"},"content":{"rendered":"<p>            Par<br \/>\n        <strong><br \/>\n            <a href=\"https:\/\/actu.fr\/auteur\/anthony-tallieu-actu-fr\" title=\"Consulter tous les articles de Anthony Tallieu\" rel=\"nofollow noopener\" target=\"_blank\">Anthony Tallieu<\/a><br \/>\n        <\/strong><\/p>\n<p>        Publi\u00e9 le<\/p>\n<p>            10 mai 2025 \u00e0 20h52        <\/p>\n<p>La sortie a le m\u00e9rite d\u2019\u00eatre claire. L\u2019interview accord\u00e9e <a href=\"https:\/\/www.varmatin.com\/rugby\/-je-suis-tres-exigeant-quant-au-profil-de-celui-qui-me-succedera-bernard-lemaitre-toujours-ouvert-aux-discussions-pour-l-avenir-985025\" rel=\"nofollow noopener\" target=\"_blank\">\u00e0 nos confr\u00e8res de Var Matin<\/a> par le pr\u00e9sident du <a href=\"https:\/\/actu.fr\/occitanie\/toulouse_31555\/top-14-rc-toulon-stade-toulousain-balle-de-demi-finale-pour-les-rouge-et-noir_62614678.html\" rel=\"nofollow noopener\" target=\"_blank\"><strong>Rugby Club Toulonnais<\/strong><\/a> Bernard Lema\u00eetre vendredi a r\u00e9sonn\u00e9 d\u2019un dr\u00f4le d\u2019\u00e9cho dans la cit\u00e9 varoise. Notamment ses propos sur le stade Mayol.<\/p>\n<p class=\" wall-content\">\u00ab\u00a0Le RCT a besoin, pour son avenir et pour continuer \u00e0 exister, d\u2019un autre stade, capable d\u2019accueillir les spectateurs d\u2019une fa\u00e7on plus confortable, plus s\u00e9curis\u00e9e et en produisant plus de revenus\u00a0\u00bb avait ainsi d\u00e9clar\u00e9 l\u2019octog\u00e9naire avant d\u2019aller un peu plus loin dans sa pens\u00e9e : \u00ab\u00a0Si Mayol ne peut pas \u00e9voluer, il faudrait trouver autre chose\u00a0\u00bb.\u00a0<\/p>\n<p class=\" wall-content\">Des mots qui ont fait bondir la maire de Toulon Jos\u00e9e Massi, visiblement pas sur la m\u00eame longueur d\u2019onde que le propri\u00e9taire du RCT. Une opinion qu\u2019elle a affich\u00e9e dans un long post sur son compte X.<\/p>\n<p class=\" wall-content\">\n<p>Un changement de stade \u00ab\u00a0pas \u00e0 l\u2019ordre du jour\u00a0\u00bb selon la maire de Toulon<\/p>\n<p class=\" wall-content\">\u00ab\u00a0S\u2019agissant d\u2019un \u00e9ventuel nouveau stade, je souhaite \u00eatre claire : le projet d\u2019un nouveau stade n\u2019est pas \u00e0 l\u2019ordre du jour. Le RCT, c\u2019est Mayol. Et Mayol, c\u2019est Toulon\u00a0\u00bb a \u00e9crit celle qui occupe aussi la fonction de vice-pr\u00e9sidente de la m\u00e9tropole Toulon Provence M\u00e9tropole.<\/p>\n<p class=\" wall-content\">\u00ab\u00a0Ce stade en c\u0153ur de ville, unique en son genre, fait partie de l\u2019\u00e2me toulonnaise. (\u2026) Les Toulonnais y sont profond\u00e9ment attach\u00e9s et ne souhaitent pas en changer. Sa capacit\u00e9, plus de 17 000 places, correspond parfaitement \u00e0 la fr\u00e9quentation observ\u00e9e, avec moins d\u2019une poign\u00e9e de rencontres \u00e0 guichets ferm\u00e9s chaque saison. Comme l\u2019a toujours dit Hubert Falco : \u2018Il n\u2019y a rien de plus beau que Mayol qui chante.\u2019 \u00ab\u00a0<\/p>\n<p>Vid\u00e9os : en ce moment sur Actu<\/p>\n<p class=\" wall-content\">Mayol deviendra-t-il sujet de discorde entre le pr\u00e9sident du RCT et l\u2019\u00e9dile toulonnaise, comme le fut des ann\u00e9es durant le stade Aguil\u00e9ra \u00e0 Biarritz entre l\u2019ancien patron du BO Jean-Baptiste Aldig\u00e9 et la LR Ma\u00efder Arrosteguy ? Cet \u00e9change par m\u00e9dias interpos\u00e9s ressemble du moins \u00e0 une premi\u00e8re passe d\u2019armes.<\/p>\n<p class=\" wall-content\">Suivez toute l\u2019actualit\u00e9 de vos villes et m\u00e9dias favoris en vous inscrivant \u00e0 <a href=\"https:\/\/moncompte.actu.fr\" title=\"D\u00e9couvez Mon Actu\" rel=\"nofollow noopener\" data-trk=\"{&quot;cta&quot;:{&quot;action&quot;:&quot;https:\\\/\\\/moncompte.actu.fr&quot;,&quot;category&quot;:&quot;mon compte&quot;,&quot;from&quot;:&quot;article footer&quot;,&quot;name&quot;:&quot;Mon actu&quot;,&quot;type&quot;:&quot;cta&quot;}}\" target=\"_blank\">Mon Actu<\/a>.<\/p>\n<ul class=\"ac-article-tag wall-content\">\n<li><a href=\"https:\/\/actu.fr\/tag\/rct-rugby-club-toulonnais\" data-trk=\"{&quot;cta&quot;:{&quot;action&quot;:&quot;RCT Rugby club toulonnais&quot;,&quot;category&quot;:&quot;tag&quot;,&quot;from&quot;:&quot;article footer&quot;,&quot;name&quot;:&quot;RCT Rugby club toulonnais&quot;,&quot;type&quot;:&quot;cta&quot;}}\" rel=\"nofollow noopener\" target=\"_blank\">#RCT Rugby club toulonnais<\/a><\/li>\n<li><a href=\"https:\/\/actu.fr\/tag\/toulon\" data-trk=\"{&quot;cta&quot;:{&quot;action&quot;:&quot;Toulon&quot;,&quot;category&quot;:&quot;tag&quot;,&quot;from&quot;:&quot;article footer&quot;,&quot;name&quot;:&quot;Toulon&quot;,&quot;type&quot;:&quot;cta&quot;}}\" rel=\"nofollow noopener\" target=\"_blank\">#Toulon<\/a><\/li>\n<\/ul>\n","protected":false},"excerpt":{"rendered":"Par Anthony Tallieu Publi\u00e9 le 10 mai 2025 \u00e0 20h52 La sortie a le m\u00e9rite d\u2019\u00eatre claire. L\u2019interview&hellip;\n","protected":false},"author":2,"featured_media":90059,"comment_status":"","ping_status":"","sticky":false,"template":"","format":"standard","meta":{"footnotes":""},"categories":[9619],"tags":[1111,11,1777,674,1011,27,12,882,6717,25,479,60,478,2310],"class_list":{"0":"post-90058","1":"post","2":"type-post","3":"status-publish","4":"format-standard","5":"has-post-thumbnail","7":"category-toulon","8":"tag-actu","9":"tag-actualites","10":"tag-eu","11":"tag-europe","12":"tag-fr","13":"tag-france","14":"tag-news","15":"tag-provence-alpes-cote-dazur","16":"tag-rct-rugby-club-toulonnais","17":"tag-republique-francaise","18":"tag-rugby","19":"tag-sports","20":"tag-top-14","21":"tag-toulon"},"share_on_mastodon":{"url":"https:\/\/pubeurope.com\/@fr\/114485172945901722","error":""},"_links":{"self":[{"href":"https:\/\/www.europesays.com\/fr\/wp-json\/wp\/v2\/posts\/90058","targetHints":{"allow":["GET"]}}],"collection":[{"href":"https:\/\/www.europesays.com\/fr\/wp-json\/wp\/v2\/posts"}],"about":[{"href":"https:\/\/www.europesays.com\/fr\/wp-json\/wp\/v2\/types\/post"}],"author":[{"embeddable":true,"href":"https:\/\/www.europesays.com\/fr\/wp-json\/wp\/v2\/users\/2"}],"replies":[{"embeddable":true,"href":"https:\/\/www.europesays.com\/fr\/wp-json\/wp\/v2\/comments?post=90058"}],"version-history":[{"count":0,"href":"https:\/\/www.europesays.com\/fr\/wp-json\/wp\/v2\/posts\/90058\/revisions"}],"wp:featuredmedia":[{"embeddable":true,"href":"https:\/\/www.europesays.com\/fr\/wp-json\/wp\/v2\/media\/90059"}],"wp:attachment":[{"href":"https:\/\/www.europesays.com\/fr\/wp-json\/wp\/v2\/media?parent=90058"}],"wp:term":[{"taxonomy":"category","embeddable":true,"href":"https:\/\/www.europesays.com\/fr\/wp-json\/wp\/v2\/categories?post=90058"},{"taxonomy":"post_tag","embeddable":true,"href":"https:\/\/www.europesays.com\/fr\/wp-json\/wp\/v2\/tags?post=90058"}],"curies":[{"name":"wp","href":"https:\/\/api.w.org\/{rel}","templated":true}]}}