{"id":90078,"date":"2025-05-10T19:35:10","date_gmt":"2025-05-10T19:35:10","guid":{"rendered":"https:\/\/www.europesays.com\/fr\/90078\/"},"modified":"2025-05-10T19:35:10","modified_gmt":"2025-05-10T19:35:10","slug":"apres-la-manif-propalestinienne-la-ville-de-nice-veut-deposer-plainte-pour-apologie-du-terrorisme-2","status":"publish","type":"post","link":"https:\/\/www.europesays.com\/fr\/90078\/","title":{"rendered":"Apr\u00e8s la manif propalestinienne, la Ville de Nice veut d\u00e9poser plainte pour \u00ab\u00a0apologie du terrorisme\u00a0\u00bb"},"content":{"rendered":"<p><strong>120 participants<\/strong> recens\u00e9s par la police nationale, pas d\u2019incident notable signal\u00e9: a priori,<strong> la manifestation propalestinienne organis\u00e9e ce samedi \u00e0 Nice<\/strong> ressemble \u00e0 des dizaines d\u2019autres organis\u00e9es depuis octobre 2023. Mais celle-ci ne restera pas sans cons\u00e9quence, selon Christian Estrosi. Le maire de Nice annonce sur le r\u00e9seau social X que la Ville va d\u00e9poser plainte pour apologie du terrorisme.<\/p>\n<p>\u00ab\u00a0Afficher des photos d\u2019enfants morts et la photo d\u2019un terroriste d\u2019extr\u00eame gauche sur la place Massena est inexcusable\u00a0\u00bb, justifie Christian Estrosi. En cause: une affiche accroch\u00e9e au milieu d\u2019images chocs sur les grilles de la promenade du Paillon.<\/p>\n<p>L\u2019intitul\u00e9: \u00ab\u00a0Rejoins le soul\u00e8vement populaire pour la lib\u00e9ration de Georges Abdallah\u00a0\u00bb. Ce militant propalestinien libanais, condamn\u00e9 en 1984 pour complicit\u00e9 dans l\u2019assassinat de diplomates, est d\u00e9tenu en France depuis quarante ans. \u00ab\u00a0Faire l\u2019apologie du terrorisme de cette mani\u00e8re doit \u00eatre condamn\u00e9\u00a0\u00bb, ass\u00e8ne Anthony Borr\u00e9, le premier adjoint au maire d\u00e9l\u00e9gu\u00e9 \u00e0 la s\u00e9curit\u00e9.<\/p>\n<blockquote class=\"twitter-tweet\">\n<p lang=\"fr\" dir=\"ltr\">En marge de la manifestation pro palestienne, je denonce des d\u00e9bordements avec violences volontaires. Je remercie la police municipale et nationale d\u2019avoir interpell\u00e9 un individu. <\/p>\n<p>Afficher des photos d\u2019enfants morts et la photo d\u2019un terroriste d\u2019extr\u00eame gauche sur la Place\u2026<\/p>\n<p>\u2014 Christian Estrosi (@cestrosi) <a href=\"https:\/\/twitter.com\/cestrosi\/status\/1921217446884548807?ref_src=twsrc%5Etfw\" rel=\"nofollow noopener\" target=\"_blank\">May 10, 2025<\/a><\/p><\/blockquote>\n<p>                                <strong>Pas de \u00ab\u00a0d\u00e9bordements\u00a0\u00bb selon la police<\/strong><\/p>\n<p>Dans son post X, Christian Estrosi d\u00e9nonce par ailleurs des \u00ab\u00a0d\u00e9bordements avec violences volontaires\u00a0\u00bb \u00ab\u00a0en marge de la manifestation pro palestinienne\u00a0\u00bb, qui auraient conduit \u00e0 une interpellation. Mais la police nationale n\u2019en a recens\u00e9 aucune. Seul incident notable: la police municipale a verbalis\u00e9, place Garibaldi, un militant qui se rendait \u00e0 la manifestation. Il aurait bouscul\u00e9 le client d\u2019un bar \u2013 qui \u00e9tait en \u00e9tat d\u2019ivresse \u2013 qui l\u2019aurait pris \u00e0 partie et insult\u00e9. Une infraction contraventionnelle, mais pas d\u00e9lictuelle.<\/p>\n<p>                                                                                                                                        <script async src=\"https:\/\/platform.twitter.com\/widgets.js\" charset=\"utf-8\"><\/script><\/p>\n","protected":false},"excerpt":{"rendered":"120 participants recens\u00e9s par la police nationale, pas d\u2019incident notable signal\u00e9: a priori, la manifestation propalestinienne organis\u00e9e ce&hellip;\n","protected":false},"author":2,"featured_media":89828,"comment_status":"","ping_status":"","sticky":false,"template":"","format":"standard","meta":{"footnotes":""},"categories":[2819],"tags":[1111,11,1777,674,118,1011,27,802,12,2401,882,25,801],"class_list":{"0":"post-90078","1":"post","2":"type-post","3":"status-publish","4":"format-standard","5":"has-post-thumbnail","7":"category-nice","8":"tag-actu","9":"tag-actualites","10":"tag-eu","11":"tag-europe","12":"tag-faits-divers","13":"tag-fr","14":"tag-france","15":"tag-greves-et-mouvements-sociaux","16":"tag-news","17":"tag-nice","18":"tag-provence-alpes-cote-dazur","19":"tag-republique-francaise","20":"tag-social"},"share_on_mastodon":{"url":"https:\/\/pubeurope.com\/@fr\/114485220185961269","error":""},"_links":{"self":[{"href":"https:\/\/www.europesays.com\/fr\/wp-json\/wp\/v2\/posts\/90078","targetHints":{"allow":["GET"]}}],"collection":[{"href":"https:\/\/www.europesays.com\/fr\/wp-json\/wp\/v2\/posts"}],"about":[{"href":"https:\/\/www.europesays.com\/fr\/wp-json\/wp\/v2\/types\/post"}],"author":[{"embeddable":true,"href":"https:\/\/www.europesays.com\/fr\/wp-json\/wp\/v2\/users\/2"}],"replies":[{"embeddable":true,"href":"https:\/\/www.europesays.com\/fr\/wp-json\/wp\/v2\/comments?post=90078"}],"version-history":[{"count":0,"href":"https:\/\/www.europesays.com\/fr\/wp-json\/wp\/v2\/posts\/90078\/revisions"}],"wp:featuredmedia":[{"embeddable":true,"href":"https:\/\/www.europesays.com\/fr\/wp-json\/wp\/v2\/media\/89828"}],"wp:attachment":[{"href":"https:\/\/www.europesays.com\/fr\/wp-json\/wp\/v2\/media?parent=90078"}],"wp:term":[{"taxonomy":"category","embeddable":true,"href":"https:\/\/www.europesays.com\/fr\/wp-json\/wp\/v2\/categories?post=90078"},{"taxonomy":"post_tag","embeddable":true,"href":"https:\/\/www.europesays.com\/fr\/wp-json\/wp\/v2\/tags?post=90078"}],"curies":[{"name":"wp","href":"https:\/\/api.w.org\/{rel}","templated":true}]}}