{"id":90083,"date":"2025-05-10T19:38:19","date_gmt":"2025-05-10T19:38:19","guid":{"rendered":"https:\/\/www.europesays.com\/fr\/90083\/"},"modified":"2025-05-10T19:38:19","modified_gmt":"2025-05-10T19:38:19","slug":"aj-auxerre-fc-nantes-les-compos-sont-tombees-a-cinq-derriere-avec-un-revenant-sport","status":"publish","type":"post","link":"https:\/\/www.europesays.com\/fr\/90083\/","title":{"rendered":"AJ Auxerre &#8211; FC Nantes. Les compos sont tomb\u00e9es\u00a0: \u00e0 cinq derri\u00e8re avec un revenant\u2026 . Sport"},"content":{"rendered":"<p>Face \u00e0 l\u2019AJ Auxerre, ce samedi soir, l\u2019entra\u00eeneur du <a href=\"https:\/\/nantes.maville.com\/sport\/detail_-loire-atlantique-fc-nantes.-pas-de-mental-arme-pour-le-haut-niveau-l-analyse-de-charlotte-lorgere-_8-6801298_actu.Htm\" target=\"_self\" rel=\"nofollow noopener\">FC Nantes<\/a>\u00a0<a href=\"https:\/\/www.ouest-france.fr\/sport\/football\/fc-nantes\/fc-nantes-antoine-kombouare-de-plus-en-plus-cible-par-des-attaques-8e2374e6-297d-11f0-964c-4f0f93c651c3#:~:text=FC%20Nantes.-,Antoine%20Kombouar%C3%A9%20de%20plus%20en%20plus%20cibl%C3%A9%20par%20des%20attaques,de%20nombreuses%20critiques%20de%20supporters.\" target=\"_self\" rel=\"nofollow noopener\">Antoine Kombouar\u00e9<\/a> a d\u00e9cid\u00e9 d\u2019aligner un 5-3-2.<\/p>\n<p>Derri\u00e8re, on retrouvera les trois centraux\u00a0: Castelletto, Z\u00e9z\u00e9 et Pallois. Sur le c\u00f4t\u00e9 droit, comme contre Rennes (d\u00e9faite 2-1), le Gallois Thomas sera titulaire. Il a d\u00e9j\u00e0 jou\u00e9 \u00e0 ce poste \u00e0 trois reprises cette saison et a souvent \u00e9t\u00e9 en difficult\u00e9s (\u00e0 Rennes et \u00e0 Nice notamment). Il n\u2019a plus jou\u00e9 une seule minute depuis le 18 avril : d\u00e9faite 2-1 \u00e0 Rennes. Centonze sera \u00e0 gauche.<\/p>\n<p><a href=\"https:\/\/www.ouest-france.fr\/sport\/football\/le-havre-ac\/le-havre-marseille-sur-quelle-chaine-et-a-quelle-heure-voir-le-match-de-ligue-1-en-direct-99fad794-2b23-11f0-91b6-c53abcaa71f4#:~:text=Le%20coup%20d&#039;envoi%20est,21%20heures%20au%20Stade%20Oc%C3%A9ane.\" target=\"_self\" rel=\"nofollow noopener\">SUIVEZ LE MULTIPLEX DE LIGUE 1 EN DIRECT COMMENT\u00c9<\/a><\/p>\n<p>Au milieu de terrain, Coquelin, Chirivella et Douglas Augusto vont commencer derri\u00e8re un do compos\u00e9 de Simon et Abline.<\/p>\n<p><strong>Lire aussi<\/strong>\u00a0: <a href=\"https:\/\/nantes.maville.com\/sport\/detail_-loire-atlantique-aj-auxerre-fc-nantes.-fumee-blanche-esperee-a-l-abbe-deschamps-pour-les-canaris-_8-6801198_actu.Htm\" target=\"_self\" rel=\"nofollow noopener\">Fum\u00e9e blanche esp\u00e9r\u00e9e \u00e0 l\u2019Abb\u00e9-Deschamps pour les Canaris<\/a><\/p>\n<p>Les compos d\u2019Auxerre &#8211; Nantes\u00a0:<\/p>\n<p><strong>AJ Auxerre<\/strong>\u00a0<strong>(5-4-1)<\/strong>\u00a0: L\u00e9on &#8211; Hoever, Diomand\u00e9, Jubal, Akpa, Mensah &#8211; Perrin, Massengo, Owusu, Traor\u00e9 &#8211; Sinayoko.<\/p>\n<p><strong>FC Nantes (5-3-2)<\/strong>\u00a0: Lopes &#8211; Thomas, Castelletto, Z\u00e9z\u00e9, Pallois, Centonze &#8211; Chirivella, Coquelin, Augusto &#8211; Abline, Simon.<\/p>\n<p>\u00a0<\/p>\n","protected":false},"excerpt":{"rendered":"Face \u00e0 l\u2019AJ Auxerre, ce samedi soir, l\u2019entra\u00eeneur du FC Nantes\u00a0Antoine Kombouar\u00e9 a d\u00e9cid\u00e9 d\u2019aligner un 5-3-2. Derri\u00e8re,&hellip;\n","protected":false},"author":2,"featured_media":90084,"comment_status":"","ping_status":"","sticky":false,"template":"","format":"standard","meta":{"footnotes":""},"categories":[2818],"tags":[1111,11,3809,1465,1777,674,63,1011,27,1792,1922,766,12,2636,25,479,517,1470],"class_list":{"0":"post-90083","1":"post","2":"type-post","3":"status-publish","4":"format-standard","5":"has-post-thumbnail","7":"category-nantes","8":"tag-actu","9":"tag-actualites","10":"tag-ball","11":"tag-basket","12":"tag-eu","13":"tag-europe","14":"tag-football","15":"tag-fr","16":"tag-france","17":"tag-handball","18":"tag-info","19":"tag-nantes","20":"tag-news","21":"tag-pays-de-la-loire","22":"tag-republique-francaise","23":"tag-rugby","24":"tag-sport","25":"tag-volley"},"share_on_mastodon":{"url":"https:\/\/pubeurope.com\/@fr\/114485231777294500","error":""},"_links":{"self":[{"href":"https:\/\/www.europesays.com\/fr\/wp-json\/wp\/v2\/posts\/90083","targetHints":{"allow":["GET"]}}],"collection":[{"href":"https:\/\/www.europesays.com\/fr\/wp-json\/wp\/v2\/posts"}],"about":[{"href":"https:\/\/www.europesays.com\/fr\/wp-json\/wp\/v2\/types\/post"}],"author":[{"embeddable":true,"href":"https:\/\/www.europesays.com\/fr\/wp-json\/wp\/v2\/users\/2"}],"replies":[{"embeddable":true,"href":"https:\/\/www.europesays.com\/fr\/wp-json\/wp\/v2\/comments?post=90083"}],"version-history":[{"count":0,"href":"https:\/\/www.europesays.com\/fr\/wp-json\/wp\/v2\/posts\/90083\/revisions"}],"wp:featuredmedia":[{"embeddable":true,"href":"https:\/\/www.europesays.com\/fr\/wp-json\/wp\/v2\/media\/90084"}],"wp:attachment":[{"href":"https:\/\/www.europesays.com\/fr\/wp-json\/wp\/v2\/media?parent=90083"}],"wp:term":[{"taxonomy":"category","embeddable":true,"href":"https:\/\/www.europesays.com\/fr\/wp-json\/wp\/v2\/categories?post=90083"},{"taxonomy":"post_tag","embeddable":true,"href":"https:\/\/www.europesays.com\/fr\/wp-json\/wp\/v2\/tags?post=90083"}],"curies":[{"name":"wp","href":"https:\/\/api.w.org\/{rel}","templated":true}]}}