{"id":900875,"date":"2026-04-29T18:40:12","date_gmt":"2026-04-29T18:40:12","guid":{"rendered":"https:\/\/www.europesays.com\/fr\/900875\/"},"modified":"2026-04-29T18:40:12","modified_gmt":"2026-04-29T18:40:12","slug":"sous-marins-en-grece-vers-une-finale-france-allemagne-le-barracuda-de-naval-group-en-favori","status":"publish","type":"post","link":"https:\/\/www.europesays.com\/fr\/900875\/","title":{"rendered":"Sous-marins en Gr\u00e8ce : vers une finale France-Allemagne ? Le Barracuda de Naval Group en favori\u00a0?"},"content":{"rendered":"<p>                    Par<br \/>\n        <strong><br \/>\n            <a href=\"https:\/\/actu.fr\/auteur\/c-marchand\" title=\"Consulter tous les articles de Chrisma\u00ebl Marchand\" rel=\"nofollow noopener\" target=\"_blank\">Chrisma\u00ebl Marchand<\/a><br \/>\n                    <\/strong><\/p>\n<p>        Publi\u00e9 le<\/p>\n<p>            29 avr. 2026 \u00e0 20h11        <\/p>\n<p>C\u2019est la nouvelle cible <b>de la France<\/b> et de son fleuron <a href=\"https:\/\/actu.fr\/tag\/naval-group\" rel=\"nofollow noopener\" target=\"_blank\">Naval Group<\/a>. <b>L\u2019industriel <\/b>fran\u00e7ais esp\u00e8re, en effet, vendre <b>quatre sous-marins BlackSword Barracuda<\/b>, d\u00e9riv\u00e9 du Suffren fran\u00e7ais construit \u00e0 <a href=\"https:\/\/actu.fr\/normandie\/cherbourg-en-cotentin_50129\" rel=\"nofollow noopener\" target=\"_blank\">Cherbourg <\/a>(Manche), \u00e0 la <b>Gr\u00e8ce<\/b>.<\/p>\n<p class=\" wall-content\">Depuis plusieurs ann\u00e9es, ils travaillent sur cette opportunit\u00e9. Les <b>liens sont forts, il est vrai, entre les deux nations,<\/b> avec notamment la <b>vente de 24 avions Rafale<\/b> et de trois fr\u00e9gates FDI Belharra pour un montant de <b>5,5<\/b>\u00a0<b>milliards d\u2019euros<\/b> en 2021 (NDLR\u2009: une quatri\u00e8me a \u00e9t\u00e9 ajout\u00e9e depuis).<\/p>\n<p class=\" wall-content\">Ils ont d\u2019ailleurs \u00e9t\u00e9 confort\u00e9s la semaine pass\u00e9e avec<b> la visite officielle du pr\u00e9sident Emmanuel Macron<\/b> pour le renouvellement d\u2019un <b>partenariat strat\u00e9gique<\/b> dans la <b>d\u00e9fense <\/b>et la <b>s\u00e9curit\u00e9<\/b>. Un voyage qui a \u00e9galement permis de discuter de cette vente de sous-marins.<\/p>\n<p class=\" wall-content\">Si aucune annonce n\u2019a filtr\u00e9 \u00e0 l\u2019issue de ces discussions fort probables, il se pourrait que Paris ait marqu\u00e9 de nouveaux points dans cette course. En pr\u00e9sence de Pierre Eric Pommellet, <a href=\"https:\/\/actu.fr\/normandie\/cherbourg-en-cotentin_50129\/un-nouveau-mandat-de-cinq-ans-pour-le-pdg-de-naval-group-et-de-nombreux-defis-industriels-a-relever_62476047.html\" rel=\"nofollow noopener\" target=\"_blank\">PDG de Naval Group<\/a>, le chef de l\u2019\u00c9tat a pu mettre en avant la technologie fran\u00e7aise et <b>la \u00ab\u2009sup\u00e9riorit\u00e9\u2009\u00bb du Barracuda <\/b>sur ses concurrents.<\/p>\n<p class=\" wall-content\">Des rivaux qui ne seraient plus tr\u00e8s nombreux. Les m\u00e9dias grecs annoncent, en effet, d\u00e9sormais <b>une finale franco-allemande<\/b> entre le g\u00e9ant de l\u2019armement tricolore et <a href=\"https:\/\/www.tkmsgroup.com\/\" rel=\"nofollow noopener\" target=\"_blank\">TKMS<\/a> (ThyssenKrupp Marine Systems) pour un remake du <b>contrat n\u00e9erlandais<\/b>. Aux <b>Pays-Bas<\/b>, les <b>deux chantiers navals<\/b> s\u2019\u00e9taient, en effet, tir\u00e9 la bourre, <a href=\"https:\/\/actu.fr\/normandie\/cherbourg-en-cotentin_50129\/vente-de-sous-marins-aux-pays-bas-dernier-obstacle-en-justice-pour-lindustriel-francais-naval-group_61256737.html\" rel=\"nofollow noopener\" target=\"_blank\">jusque devant les tribunaux<\/a>.<\/p>\n<p>Vers un duel franco-allemand entre Naval Group et TKMS\u2009?<\/p>\n<p class=\" wall-content\"><a href=\"https:\/\/actu.fr\/normandie\/cherbourg-en-cotentin_50129\/sous-marins-aux-pays-bas-le-contrat-a-plus-de-5-milliards-deuros-vient-detre-signe-par-naval-group_61669005.html\" rel=\"nofollow noopener\" target=\"_blank\">Vainqueur officiellement<\/a> en <b>septembre<\/b>\u00a0<b>2024<\/b>, Naval Group avait marqu\u00e9 un grand coup sur la <b>sc\u00e8ne europ\u00e9enne<\/b>. M\u00eame s\u2019il a \u00e9t\u00e9 <a href=\"https:\/\/actu.fr\/normandie\/cherbourg-en-cotentin_50129\/douze-sous-marins-pour-le-canada-sechappent-entre-surprise-et-incomprehension-a-naval-group_63085442.html\" rel=\"nofollow noopener\" target=\"_blank\">\u00e9cart\u00e9 depuis au Canada<\/a> et <a href=\"https:\/\/actu.fr\/normandie\/cherbourg-en-cotentin_50129\/vers-un-rebondissement-pour-les-sous-marins-en-pologne-la-france-va-t-elle-revenir-dans-le-jeu_64164859.html\" rel=\"nofollow noopener\" target=\"_blank\">devanc\u00e9 par le su\u00e9dois Saab en Pologne<\/a>, il sait que son Barracuda affiche <b>une belle cote de popularit\u00e9 <\/b>que ce soit gr\u00e2ce \u00e0 sa technologie propulsive des batteries lithium-ion ou son puissant armement (missiles de croisi\u00e8res, torpilles et missiles antinavires).<\/p>\n<p class=\" wall-content\">Dans ce duel, l\u2019industriel fran\u00e7ais a \u00e9galement l\u2019avantage de ne pas travailler directement<b> avec le voisin turc<\/b>, \u00e0 l\u2019inverse de TKMS qui \u00e9quipe une bonne partie de la flotte sous-marine d\u2019Ankara. Et compte tenu des relations entre les <b>deux pays m\u00e9diterran\u00e9ens<\/b>, ce n\u2019est pas forc\u00e9ment un atout.<\/p>\n<p class=\" wall-content\">Qui plus est, Naval Group a depuis plusieurs ann\u00e9es tiss\u00e9 sa toile au sein de la base industrielle grecque.<b> La signature d\u2019un protocole d\u2019accord (MoU) <\/b>avec l\u2019entreprise d\u2019envergure mondiale Metlen Energy &amp; Metals \u00ab\u2009visant \u00e0 explorer une <b>future collaboration<\/b> dans le domaine des <b>projets <\/b>de sous-marins et de navires de surface\u2009\u00bb est un marqueur fort de futurs et durables \u00e9changes.<\/p>\n<p class=\" wall-content\">Si la signature d\u2019un potentiel accord n\u2019est pas attendue<b> avant 2028<\/b>, la France continue donc d\u2019avancer ses pions. Sans vendre la peau de l\u2019ours mais avec la ferme intention de pouvoir en tirer<b> le meilleur prix<\/b>.<\/p>\n<p class=\" wall-content\">Personnalisez votre actualit\u00e9 en ajoutant vos villes et m\u00e9dias en favori avec <a href=\"https:\/\/moncompte.actu.fr\" title=\"D\u00e9couvez Mon Actu\" rel=\"nofollow noopener\" data-trk=\"{&quot;cta&quot;:{&quot;action&quot;:&quot;https:\\\/\\\/moncompte.actu.fr&quot;,&quot;category&quot;:&quot;mon compte&quot;,&quot;from&quot;:&quot;article footer&quot;,&quot;name&quot;:&quot;Mon actu&quot;,&quot;type&quot;:&quot;cta&quot;}}\" target=\"_blank\">Mon Actu<\/a>.<\/p>\n","protected":false},"excerpt":{"rendered":"Par Chrisma\u00ebl Marchand Publi\u00e9 le 29 avr. 2026 \u00e0 20h11 C\u2019est la nouvelle cible de la France et&hellip;\n","protected":false},"author":2,"featured_media":900876,"comment_status":"","ping_status":"","sticky":false,"template":"","format":"standard","meta":{"footnotes":"","_share_on_mastodon":"0"},"categories":[1587],"tags":[11,672,1804,1805,1803,33,1777,674,1801,567,22232,12,1802,15169],"class_list":["post-900875","post","type-post","status-publish","format-standard","has-post-thumbnail","category-allemagne","tag-actualites","tag-allemagne","tag-bundesrepublik-deutschland","tag-de","tag-deutschland","tag-economie","tag-eu","tag-europe","tag-germany","tag-marine-nationale","tag-naval-group","tag-news","tag-republique-federale-dallemagne","tag-sous-marins"],"share_on_mastodon":{"url":"https:\/\/pubeurope.com\/@fr\/116489462001165288","error":""},"_links":{"self":[{"href":"https:\/\/www.europesays.com\/fr\/wp-json\/wp\/v2\/posts\/900875","targetHints":{"allow":["GET"]}}],"collection":[{"href":"https:\/\/www.europesays.com\/fr\/wp-json\/wp\/v2\/posts"}],"about":[{"href":"https:\/\/www.europesays.com\/fr\/wp-json\/wp\/v2\/types\/post"}],"author":[{"embeddable":true,"href":"https:\/\/www.europesays.com\/fr\/wp-json\/wp\/v2\/users\/2"}],"replies":[{"embeddable":true,"href":"https:\/\/www.europesays.com\/fr\/wp-json\/wp\/v2\/comments?post=900875"}],"version-history":[{"count":0,"href":"https:\/\/www.europesays.com\/fr\/wp-json\/wp\/v2\/posts\/900875\/revisions"}],"wp:featuredmedia":[{"embeddable":true,"href":"https:\/\/www.europesays.com\/fr\/wp-json\/wp\/v2\/media\/900876"}],"wp:attachment":[{"href":"https:\/\/www.europesays.com\/fr\/wp-json\/wp\/v2\/media?parent=900875"}],"wp:term":[{"taxonomy":"category","embeddable":true,"href":"https:\/\/www.europesays.com\/fr\/wp-json\/wp\/v2\/categories?post=900875"},{"taxonomy":"post_tag","embeddable":true,"href":"https:\/\/www.europesays.com\/fr\/wp-json\/wp\/v2\/tags?post=900875"}],"curies":[{"name":"wp","href":"https:\/\/api.w.org\/{rel}","templated":true}]}}