{"id":90091,"date":"2025-05-10T19:44:14","date_gmt":"2025-05-10T19:44:14","guid":{"rendered":"https:\/\/www.europesays.com\/fr\/90091\/"},"modified":"2025-05-10T19:44:14","modified_gmt":"2025-05-10T19:44:14","slug":"lille-une-jeune-femme-dans-un-etat-grave-apres-avoir-ete-ejectee-dun-manege-lors-dun-festival","status":"publish","type":"post","link":"https:\/\/www.europesays.com\/fr\/90091\/","title":{"rendered":"Lille. Une jeune femme dans un \u00e9tat grave apr\u00e8s avoir \u00e9t\u00e9 \u00e9ject\u00e9e d&rsquo;un man\u00e8ge lors d&rsquo;un festival"},"content":{"rendered":"<p>            Par<br \/>\n        <strong><br \/>\n            <a href=\"https:\/\/actu.fr\/auteur\/redaction-lille\" title=\"Consulter tous les articles de R\u00e9daction Lille\" target=\"_blank\" rel=\"noopener\">R\u00e9daction Lille<\/a><br \/>\n        <\/strong><\/p>\n<p>        Publi\u00e9 le<\/p>\n<p>            10 mai 2025 \u00e0 20h54        <\/p>\n<p>Que s\u2019est-il pass\u00e9 lors de ce festival \u00e0 <a href=\"https:\/\/actu.fr\/hauts-de-france\/lille_59350\" target=\"_blank\" rel=\"noopener\">Lille<\/a> (Nord), qui ne devait laisser rien d\u2019autres aux festivaliers que des bons souvenirs ? Dans la nuit du vendredi 9 au samedi 10 mai 2025, un <b>accident<\/b> s\u2019est produit lors du <b>festival Madame Loyal<\/b>, m\u00ealant f\u00eate foraine, musiques \u00e9lectroniques et cirque. Une jeune femme a \u00e9t\u00e9 <b>hospitalis\u00e9e dans un \u00e9tat grave apr\u00e8s avoir \u00e9t\u00e9 \u00e9ject\u00e9e d\u2019un man\u00e8ge<\/b>, install\u00e9 devant<b> Lille Grand Palais<\/b>.<\/p>\n<p>Une enqu\u00eate ouverte pour d\u00e9terminer les causes de l\u2019accident<\/p>\n<p class=\" wall-content\">Alert\u00e9s samedi vers 2h10 du matin, les pompiers ont \u00ab\u00a0d\u00e9couvert une dame allong\u00e9e au sol\u00a0\u00bb. \u00ab\u00a0Elle \u00e9tait entour\u00e9e de beaucoup de monde et de secouristes associatifs. Elle avait \u00e9t\u00e9 \u00e9ject\u00e9e d\u2019un man\u00e8ge\u00a0\u00bb, a indiqu\u00e9 le Service d\u00e9partemental d\u2019incendie et de secours du Nord.<\/p>\n<p class=\" wall-content\">Elle a \u00e9t\u00e9 transport\u00e9e en \u00ab\u00a0\u00e9tat grave avec les pr\u00e9cautions d\u2019usage\u00a0\u00bb vers le centre hospitalier de Lille, a-t-on pr\u00e9cis\u00e9 de m\u00eame source.<\/p>\n<p class=\" wall-content\">Selon la pr\u00e9fecture, des investigations sont en cours et le parquet de Lille a ouvert une enqu\u00eate sur les circonstances de l\u2019<a href=\"https:\/\/actu.fr\/tag\/accident\" target=\"_blank\" rel=\"noopener\">accident<\/a>.<\/p>\n<p class=\" wall-content\">\n<p class=\" wall-content\">Contact\u00e9s par l\u2019AFP, les organisateurs du festival Madame Loyal n\u2019\u00e9taient pas joignables dans l\u2019imm\u00e9diat. Ce festival itin\u00e9rant a pour l\u2019instant d\u2019autres dates pr\u00e9vues dans les semaines et mois \u00e0 venir \u00e0 Paris, Bordeaux, Fr\u00e9jus et Toulouse.<\/p>\n<p>Vid\u00e9os : en ce moment sur Actu<\/p>\n<p class=\" wall-content\"><b>Source : AFP<\/b><\/p>\n<p class=\" wall-content\">Suivez toute l\u2019actualit\u00e9 de vos villes et m\u00e9dias favoris en vous inscrivant \u00e0 <a href=\"https:\/\/moncompte.actu.fr\" title=\"D\u00e9couvez Mon Actu\" rel=\"nofollow noopener\" data-trk=\"{&quot;cta&quot;:{&quot;action&quot;:&quot;https:\\\/\\\/moncompte.actu.fr&quot;,&quot;category&quot;:&quot;mon compte&quot;,&quot;from&quot;:&quot;article footer&quot;,&quot;name&quot;:&quot;Mon actu&quot;,&quot;type&quot;:&quot;cta&quot;}}\" target=\"_blank\">Mon Actu<\/a>.<\/p>\n","protected":false},"excerpt":{"rendered":"Par R\u00e9daction Lille Publi\u00e9 le 10 mai 2025 \u00e0 20h54 Que s\u2019est-il pass\u00e9 lors de ce festival \u00e0&hellip;\n","protected":false},"author":2,"featured_media":90092,"comment_status":"","ping_status":"","sticky":false,"template":"","format":"standard","meta":{"footnotes":""},"categories":[2815],"tags":[119,1111,11,1777,674,118,11501,1011,27,811,1307,12,25],"class_list":{"0":"post-90091","1":"post","2":"type-post","3":"status-publish","4":"format-standard","5":"has-post-thumbnail","7":"category-lille","8":"tag-accident","9":"tag-actu","10":"tag-actualites","11":"tag-eu","12":"tag-europe","13":"tag-faits-divers","14":"tag-fete-foraine","15":"tag-fr","16":"tag-france","17":"tag-hauts-de-france","18":"tag-lille","19":"tag-news","20":"tag-republique-francaise"},"share_on_mastodon":{"url":"https:\/\/pubeurope.com\/@fr\/114485255471592365","error":""},"_links":{"self":[{"href":"https:\/\/www.europesays.com\/fr\/wp-json\/wp\/v2\/posts\/90091","targetHints":{"allow":["GET"]}}],"collection":[{"href":"https:\/\/www.europesays.com\/fr\/wp-json\/wp\/v2\/posts"}],"about":[{"href":"https:\/\/www.europesays.com\/fr\/wp-json\/wp\/v2\/types\/post"}],"author":[{"embeddable":true,"href":"https:\/\/www.europesays.com\/fr\/wp-json\/wp\/v2\/users\/2"}],"replies":[{"embeddable":true,"href":"https:\/\/www.europesays.com\/fr\/wp-json\/wp\/v2\/comments?post=90091"}],"version-history":[{"count":0,"href":"https:\/\/www.europesays.com\/fr\/wp-json\/wp\/v2\/posts\/90091\/revisions"}],"wp:featuredmedia":[{"embeddable":true,"href":"https:\/\/www.europesays.com\/fr\/wp-json\/wp\/v2\/media\/90092"}],"wp:attachment":[{"href":"https:\/\/www.europesays.com\/fr\/wp-json\/wp\/v2\/media?parent=90091"}],"wp:term":[{"taxonomy":"category","embeddable":true,"href":"https:\/\/www.europesays.com\/fr\/wp-json\/wp\/v2\/categories?post=90091"},{"taxonomy":"post_tag","embeddable":true,"href":"https:\/\/www.europesays.com\/fr\/wp-json\/wp\/v2\/tags?post=90091"}],"curies":[{"name":"wp","href":"https:\/\/api.w.org\/{rel}","templated":true}]}}